{"id":1002,"date":"2016-11-06T22:18:55","date_gmt":"2016-11-06T21:18:55","guid":{"rendered":"http:\/\/dreamx.blog.se\/?p=1002"},"modified":"2016-11-06T22:18:55","modified_gmt":"2016-11-06T21:18:55","slug":"riktigt-daligt-ar-med-uppdatering-pa-min-blog","status":"publish","type":"post","link":"https:\/\/rr.ahlin.org\/?p=1002","title":{"rendered":"Riktigt d\u00e5ligt \u00e5r med uppdatering p\u00e5 min blog."},"content":{"rendered":"<p>Jag vet inte vad jag ska skylla p\u00e5 egentligen. Det har h\u00e4nt en hel del och mycket s\u00e4rskilt med utg\u00e5ngspunkt fr\u00e5n det jag skrev om f\u00f6r snart ett \u00e5r sedan i det h\u00e4r inl\u00e4gget: <a href=\"http:\/\/dreamx.blog.se\/nytt-ar-nytt-liv-och-nya-mojligheter\/\" target=\"_blank\">Nytt \u00c5r, Nytt Liv och nya m\u00f6jligheter<\/a><\/p>\n<p>Vad har h\u00e4nt sedan efter det?<br \/>\nJa, jag b\u00f6rjar v\u00e4l med det personliga. Under mars-april fick jag ny tj\u00e4nst p\u00e5 Falbygdens Ost. Eller r\u00e4ttare sagt, jag fick s\u00f6ka min egen tj\u00e4nst eftersom den hade utvecklats till att bli mer en tj\u00e4nst som IT-tekniker f\u00f6r produktions-IT. D\u00e5 tj\u00e4nsten ocks\u00e5 skulle ligga under en annan avdelning fick jag helt enkelt s\u00f6ka min egen tj\u00e4nst f\u00f6r s\u00e5 var policy f\u00f6r f\u00f6retaget att g\u00f6ra. Allt verkade j\u00e4ttebra och jag s\u00e5g fram emot att jobba med IT, men n\u00e4r vi sedan skulle f\u00f6rs\u00f6ka definiera tj\u00e4nsten s\u00e5 kunde vi inte komma \u00f6verens, nya chefen och jag. Med h\u00e4nvisning till vad jag s\u00f6kt f\u00f6r tj\u00e4nst och det som stod som beskrivning f\u00f6r den befattningen s\u00e5 st\u00e4mde inte det \u00f6verens med den befattningsbeskrivning jag fick. Vi kunde inte heller m\u00f6tas p\u00e5 en l\u00f6neniv\u00e5 som jag tyckte var rimlig utefter den tj\u00e4nst jag hade.<\/p>\n<p>Detta gjorde att jag b\u00f6rjade kolla p\u00e5 lediga tj\u00e4nster p\u00e5 arbetsf\u00f6rmedlingen och b\u00f6rjade med lite h\u00f6ftskott med att skicka iv\u00e4g ans\u00f6kningar. Fick faktiskt tv\u00e5 seri\u00f6sa svar, varav det ena gick vidare s\u00e5 pass l\u00e5ngt att jag fick \u00e5ka p\u00e5 intervju i Norge och jag verkade g\u00f6ra ett gott intryck f\u00f6r de erbj\u00f6d mig tj\u00e4nsten och jag var deras f\u00f6rstahandsval. Efter att vi klargjort allt och kommit \u00f6verens om allt s\u00e5 tackade jag ja. Detta innebar att jag sade upp mig fr\u00e5n Falbygdens Ost efter 12 \u00e5r p\u00e5 den arbetsplatsen och b\u00f6rjade ist\u00e4llet som Mjukvarukonsult p\u00e5 ett f\u00f6retag som heter KardexRemstar. F\u00f6rste september b\u00f6rjade jag direkt med att vara med p\u00e5 en s\u00e4ljkonferens i Gdansk i Polen. Sedan har det bara rullat p\u00e5.<br \/>\nDen nya tj\u00e4nsten gjorde det ocks\u00e5 m\u00f6jligt f\u00f6r mig att flytta. Den n\u00e4mnda flickv\u00e4nnen i det tidigare n\u00e4mnda blogginl\u00e4gg har nu blivit sambo och jag har nu mera hemadress i G\u00f6teborg. Jag reser mycket i min tj\u00e4nst och har nog n\u00e4stan bott mer n\u00e4tter p\u00e5 hotell \u00e4n jag gjort i G\u00f6teborg s\u00e5 \u00e4n s\u00e5 l\u00e4nge k\u00e4nns det lite vilset.<\/p>\n<p>Mitt k\u00f6rande d\u00e5?<br \/>\nJo. Under hela sommaren har jag k\u00f6rt b\u00e5de V\u00e4stg\u00f6tacrossen (VGC) och i reservlaget i serien. M\u00e5let i VGC var att g\u00f6ra minst en B-final. Och jag lyckade med tre!!!<br \/>\nTv\u00e5 utav dem var i riktigt d\u00e5liga f\u00f6rh\u00e5llanden. F\u00f6rsta var i \u00c4lv\u00e4ngen n\u00e4r det regnade och var bl\u00f6tt. Andra var i Alings\u00e5s, d\u00e4r det ocks\u00e5 regnade och var kladdigt. Tredje var i Tibro p\u00e5 en perfekt bana med perfekta f\u00f6ruts\u00e4ttningar. Jag filmade alla finaler utom den i Alv\u00e4ngen och jag har skapat en spellista p\u00e5 YouTube som bara \u00e4r att in och kolla igenom: <a href=\"https:\/\/www.youtube.com\/playlist?list=PLXp3QFYGPiq7N0Mh4FPjNffujo8Mbh8Il\" target=\"_blank\">V\u00e4stg\u00f6tacrossen 2016<\/a><\/p>\n<p>I serien har jag vart med p\u00e5 alla delt\u00e4vlingar utom en. Jag missade den som var i Karlskoga-Degefors eftersom min ene bror gifte sig. K\u00e4ndes som br\u00f6llopet hade h\u00f6gre prioritering. Inf\u00f6r sista delt\u00e4vlingen som var p\u00e5 hemmabanan var jag d\u00e4r och tr\u00e4nade och lyckades hoppa wavesen d\u00e4r. Mycket g\u00f6tt. Tyv\u00e4rr gick det inte g\u00f6ra det p\u00e5 t\u00e4vlingen d\u00e5 det var lite f\u00f6r bl\u00f6tt f\u00f6r det. P\u00e5 sista heatet k\u00f6rde jag tyv\u00e4rr punktering p\u00e5 f\u00f6rsta varvet och det var lite tr\u00e5kigt f\u00f6r jag hade best\u00e4mt mig f\u00f6r att g\u00f6ra ett f\u00f6rs\u00f6k att hoppa den stora uppf\u00f6rstrappan men det fick nu v\u00e4nta. Jag gjorde det faktiskt senare under en tr\u00e4ning. Det var stor lycka och jag kommer njuta av det under hela vintern. Laget vann Div 2 och Falk\u00f6pings MK kommer nu k\u00f6ra division ett n\u00e4sta \u00e5r.<\/p>\n<p>Nu b\u00f6rjar jag faktiskt se fram emot endurok\u00f6rning och vintercupen. Men jag f\u00e5r se hur mycket jag hinner tr\u00e4na d\u00e5 hojen st\u00e5r kvar i Falk\u00f6ping s\u00e5 det blir lite sv\u00e5rare att bara sl\u00e4nga sig iv\u00e4g p\u00e5 tr\u00e4ning. Men lite ska jag nog f\u00f6rs\u00f6ka med.<\/p>\n<p>Jag hoppas jag hinner uppdatera bloggen mera fram\u00f6ver f\u00f6r jag har h\u00f6rt talas om att folk faktiskt \u00e4r inne och l\u00e4ser h\u00e4r ibland.<\/p>\n<p>P\u00e5 \u00e5terseende!<\/p>\n","protected":false},"excerpt":{"rendered":"<p>Jag vet inte vad jag ska skylla p\u00e5 egentligen. Det har h\u00e4nt en hel del och mycket s\u00e4rskilt med utg\u00e5ngspunkt fr\u00e5n det jag skrev om f\u00f6r snart ett \u00e5r sedan i det h\u00e4r inl\u00e4gget: Nytt \u00c5r, Nytt Liv och nya m\u00f6jligheter Vad har h\u00e4nt sedan efter det? Ja, jag b\u00f6rjar v\u00e4l med det personliga. Under &hellip; <a href=\"https:\/\/rr.ahlin.org\/?p=1002\" class=\"more-link\">Read more <span class=\"screen-reader-text\">Riktigt d\u00e5ligt \u00e5r med uppdatering p\u00e5 min blog.<\/span><\/a><\/p>\n","protected":false},"author":1,"featured_media":0,"comment_status":"open","ping_status":"closed","sticky":false,"template":"","format":"standard","meta":{"footnotes":""},"categories":[16],"tags":[],"class_list":{"0":"post-1002","1":"post","2":"type-post","3":"status-publish","4":"format-standard","6":"category-okategoriserade"},"_links":{"self":[{"href":"https:\/\/rr.ahlin.org\/index.php?rest_route=\/wp\/v2\/posts\/1002"}],"collection":[{"href":"https:\/\/rr.ahlin.org\/index.php?rest_route=\/wp\/v2\/posts"}],"about":[{"href":"https:\/\/rr.ahlin.org\/index.php?rest_route=\/wp\/v2\/types\/post"}],"author":[{"embeddable":true,"href":"https:\/\/rr.ahlin.org\/index.php?rest_route=\/wp\/v2\/users\/1"}],"replies":[{"embeddable":true,"href":"https:\/\/rr.ahlin.org\/index.php?rest_route=%2Fwp%2Fv2%2Fcomments&post=1002"}],"version-history":[{"count":0,"href":"https:\/\/rr.ahlin.org\/index.php?rest_route=\/wp\/v2\/posts\/1002\/revisions"}],"wp:attachment":[{"href":"https:\/\/rr.ahlin.org\/index.php?rest_route=%2Fwp%2Fv2%2Fmedia&parent=1002"}],"wp:term":[{"taxonomy":"category","embeddable":true,"href":"https:\/\/rr.ahlin.org\/index.php?rest_route=%2Fwp%2Fv2%2Fcategories&post=1002"},{"taxonomy":"post_tag","embeddable":true,"href":"https:\/\/rr.ahlin.org\/index.php?rest_route=%2Fwp%2Fv2%2Ftags&post=1002"}],"curies":[{"name":"wp","href":"https:\/\/api.w.org\/{rel}","templated":true}]}}