{"id":1011,"date":"2017-01-19T09:22:37","date_gmt":"2017-01-19T08:22:37","guid":{"rendered":"http:\/\/dreamx.blog.se\/?p=1011"},"modified":"2017-01-19T09:22:37","modified_gmt":"2017-01-19T08:22:37","slug":"vintercupen-26-toreboda","status":"publish","type":"post","link":"https:\/\/rr.ahlin.org\/?p=1011","title":{"rendered":"Vintercupen 2:6 &#8211; T\u00f6reboda"},"content":{"rendered":"<p><strong>N\u00e5gra dagar har passerat n\u00e4r jag \u00e4ntligen s\u00e4tter mig och skriver detta inl\u00e4gg. Delt\u00e4vlingen i T\u00f6reboda blev minst sagt k\u00e4nslom\u00e4ssigt v\u00e4ldigt splittrad. Och d\u00e5 \u00e4r vi nog \u00f6verens om det allihop som var p\u00e5 plats.<\/strong><\/p>\n<p>Som ni l\u00e4ste i mitt f\u00f6reg\u00e5ende inl\u00e4gg s\u00e5 gick ju t\u00e4vlingen i Falk\u00f6ping inget vidare f\u00f6r mig. Mest p\u00e5 grund av strul med hojen. Och inte skulle jag ha tid att hinna fixa n\u00e5got med den under veckan heller. D\u00e5 fick jag ett sms fr\u00e5n min mycket trevliga kusin och undrade om jag ville l\u00e5na hans hoj. Ja tackade jag och var s\u00e5ledes uppe i Falk\u00f6ping p\u00e5 fredag eftermiddag f\u00f6r att hinna prova den en sv\u00e4ng. K\u00e4ndes j\u00e4ttebra! Den enda justeringen jag beh\u00f6vde g\u00f6ra var att vinkla fram styret lite.<\/p>\n<p>P\u00e5 l\u00f6rdagen for jag fr\u00e5n mina f\u00f6r\u00e4ldrar, d\u00e4r jag \u00f6vernattat, omkring kl 07:30 f\u00f6r att lasta hojen, byta om och \u00e5ka mot T\u00f6reboda. P\u00e5 v\u00e4g dit m\u00f6tte jag b\u00e5de sn\u00f6 och regn vilket inte k\u00e4ndes s\u00e5 kul. Men v\u00e4l framme var v\u00e4dret riktigt bra. Kring 0\u00b0C och ingen bl\u00e5st. Jag gick och tittade lite p\u00e5 sp\u00e5ret n\u00e4r dam\/ungdom\/motion 50+ k\u00f6rde. S\u00e5g riktigt fint ut. Jag best\u00e4mde mig f\u00f6r att inte ha n\u00e5gon press p\u00e5 mig. Bara ha kul. L\u00e5nad hoj som jag var lite ovan vid och rasat ner till startled 21 efter k\u00f6rningen i Falk\u00f6ping. Bara ha kul t\u00e4nkte jag.<\/p>\n<p>Ut p\u00e5 f\u00f6rsta varvet var jag snart ikapp den som startade framf\u00f6r mig och vi tv\u00e5 var snart ikapp ytterligare tv\u00e5. Jag tjoade till n\u00e5gra g\u00e5nger f\u00f6r att p\u00e5visa att jag ville k\u00f6ra om. Men de hade sv\u00e5rt att flytta p\u00e5 sig. Till slut kom jag f\u00f6rbi och k\u00f6rde f\u00f6rbi fler f\u00f6rare. Hojen k\u00e4ndes bra och sp\u00e5ret var roligt.<\/p>\n<p>Ut p\u00e5 andra varvet k\u00e4nde jag mig taggad. F\u00f6rs\u00f6kte att vila s\u00e5 lite jag kunde s\u00e5 jag inte skulle komma ut med l\u00e5ngsammare f\u00f6rare. Men tror jag lyckades med det \u00e4nd\u00e5. Jag k\u00f6rde f\u00f6rbi n\u00e5gra till under varvet. Fick p\u00e5 ett bra flyt och blev van men hojen. N\u00e5gonstans hade en kille k\u00f6rt omkull ganska rej\u00e4lt. Jag stannade och kollade l\u00e4get. En annan f\u00f6rare plus publik var redan framme hos den skadade s\u00e5 jag k\u00f6rde vidare.<\/p>\n<p>P\u00e5 tredje varvet b\u00f6rjade det bli riktigt kul. Jag blev riktigt bra kompis med hojen och k\u00e4nde att jag fl\u00f6t fram genom skogen. Det k\u00e4ndes l\u00e4tt! Tyckte hela tiden att jag k\u00f6rde ikapp och f\u00f6rbi andra f\u00f6rare s\u00e5 det var ganska mycket tjoande av mig d\u00e4r ute i skogen. Ytterligare n\u00e5gon skadad l\u00e5g d\u00e4r i skogen och tyckte att det k\u00e4ndes lite olustigt att se n\u00e4r andra k\u00f6rt omkull. Man t\u00e4nker efter lite d\u00e5 och f\u00e5r lite respekt f\u00f6r vad man h\u00e5ller p\u00e5 med.<\/p>\n<p>P\u00e5 fj\u00e4rde varvet var det om m\u00f6jligt \u00e4nnu roligare att k\u00f6ra. Jag b\u00f6rja &#8221;leka&#8221; n\u00e4r jag k\u00f6rde. Hoppade p\u00e5 r\u00f6tter, dubblade i stalpen och fick till riktigt goa kurvor. Och det k\u00e4ndes som det gick snabbare \u00e4n vad den gjort n\u00e5gonsin f\u00f6rut. Men enligt varvtiderna var f\u00f6rsta varvet snabbast. Kan ocks\u00e5 bero p\u00e5 att hojen blev lite tr\u00f6tt p\u00e5 ett st\u00e4lle och beh\u00f6vde l\u00e4gga sig ner och vila lite. P\u00e5 ett st\u00e4lle var banan omdragen lite. N\u00e5gon verkade vara riktigt skadad och det var massa folk runt.<\/p>\n<p>Jag var heln\u00f6jd med min k\u00f6rning. Det k\u00e4ndes underbart att f\u00e5 k\u00f6ra p\u00e5 en riktigt enduro-hoj trots att jag var ovan vid l\u00e5nad hoj. Resultatet blev ocks\u00e5 mycket b\u00e4ttre \u00e4n i Falk\u00f6ping.<\/p>\n<p>N\u00e4r jag sedan stod och packade ihop fick jag snabbt flytta bilen f\u00f6r att de sa att helikopter var p\u00e5 v\u00e4g. N\u00e5gon verkar vara ordentligt skadad. T\u00e4vlingen avbr\u00f6ts ocks\u00e5 efter att v\u00e5rt heat k\u00f6rts klart. S\u00e5 Elit\/Bredd\/Junior fick inte starta. Jag trodde att det var beroende p\u00e5 skadorna och att man ans\u00e5g att sp\u00e5ret kanske var f\u00f6r s\u00f6nderk\u00f6rt s\u00e5 det blev f\u00f6r farligt. Men jag tyckte \u00e4nd\u00e5 sp\u00e5ret var ganska bra.<\/p>\n<p>Senare fick jag reda p\u00e5 att det var p\u00e5 grund av d\u00f6dsfall. En f\u00f6rare hade tydligen drabbats av akut sjukdomsfall och senare avlidet. Det som jag l\u00e4st p\u00e5 bland annat Race Magazine s\u00e5 verkar han inte ha kraschat utan k\u00f6rt \u00e5t sidan, klivit av sin motorcykel och sedan fallit ihop. V\u00e4ldigt olustigt att det h\u00e4nder s\u00e5d\u00e4r bara, och det gick ut p\u00e5 nyheter b\u00e5de p\u00e5 radio och internet och har nog p\u00e5verkat st\u00f6rre delen av endurosverige. Jag kan bara \u00f6nska att han \u00e4nd\u00e5 gjorde det han \u00e4lskade mest n\u00e4r det tragiska intr\u00e4ffade. Jag lider med hans familj, v\u00e4nner och bekanta.<\/p>\n<p>Slutresultatet f\u00f6r mig d\u00e5?<br \/>\nJo, jag slutade p\u00e5 plats 41, vilket \u00e4r tjugo placeringar b\u00e4ttre \u00e4n i Falk\u00f6ping. S\u00e5 jag \u00e4r n\u00f6jd.<br \/>\nDen l\u00e5nade hojen k\u00e4ndes underbar. Det var en Husqvarna FE 350 -15. S\u00e5 har n\u00e5gon en billig s\u00e5dan till mig kan jag vara spekulant. \ud83d\ude42<\/p>\n<p>Jag har filmat f\u00f6rsta varvet med min GoPro:<br \/>\n<iframe loading=\"lazy\" width=\"865\" height=\"487\" src=\"https:\/\/www.youtube.com\/embed\/GTcSMWrYfAE?feature=oembed\" frameborder=\"0\" allow=\"autoplay; encrypted-media\" allowfullscreen><\/iframe><\/p>\n","protected":false},"excerpt":{"rendered":"<p>N\u00e5gra dagar har passerat n\u00e4r jag \u00e4ntligen s\u00e4tter mig och skriver detta inl\u00e4gg. Delt\u00e4vlingen i T\u00f6reboda blev minst sagt k\u00e4nslom\u00e4ssigt v\u00e4ldigt splittrad. Och d\u00e5 \u00e4r vi nog \u00f6verens om det allihop som var p\u00e5 plats. Som ni l\u00e4ste i mitt f\u00f6reg\u00e5ende inl\u00e4gg s\u00e5 gick ju t\u00e4vlingen i Falk\u00f6ping inget vidare f\u00f6r mig. Mest p\u00e5 grund &hellip; <a href=\"https:\/\/rr.ahlin.org\/?p=1011\" class=\"more-link\">Read more <span class=\"screen-reader-text\">Vintercupen 2:6 &#8211; T\u00f6reboda<\/span><\/a><\/p>\n","protected":false},"author":1,"featured_media":0,"comment_status":"open","ping_status":"closed","sticky":false,"template":"","format":"standard","meta":{"footnotes":""},"categories":[19],"tags":[32,35],"class_list":{"0":"post-1011","1":"post","2":"type-post","3":"status-publish","4":"format-standard","6":"category-tavlingar","7":"tag-toreboda","8":"tag-vintercupen"},"_links":{"self":[{"href":"https:\/\/rr.ahlin.org\/index.php?rest_route=\/wp\/v2\/posts\/1011"}],"collection":[{"href":"https:\/\/rr.ahlin.org\/index.php?rest_route=\/wp\/v2\/posts"}],"about":[{"href":"https:\/\/rr.ahlin.org\/index.php?rest_route=\/wp\/v2\/types\/post"}],"author":[{"embeddable":true,"href":"https:\/\/rr.ahlin.org\/index.php?rest_route=\/wp\/v2\/users\/1"}],"replies":[{"embeddable":true,"href":"https:\/\/rr.ahlin.org\/index.php?rest_route=%2Fwp%2Fv2%2Fcomments&post=1011"}],"version-history":[{"count":0,"href":"https:\/\/rr.ahlin.org\/index.php?rest_route=\/wp\/v2\/posts\/1011\/revisions"}],"wp:attachment":[{"href":"https:\/\/rr.ahlin.org\/index.php?rest_route=%2Fwp%2Fv2%2Fmedia&parent=1011"}],"wp:term":[{"taxonomy":"category","embeddable":true,"href":"https:\/\/rr.ahlin.org\/index.php?rest_route=%2Fwp%2Fv2%2Fcategories&post=1011"},{"taxonomy":"post_tag","embeddable":true,"href":"https:\/\/rr.ahlin.org\/index.php?rest_route=%2Fwp%2Fv2%2Ftags&post=1011"}],"curies":[{"name":"wp","href":"https:\/\/api.w.org\/{rel}","templated":true}]}}