{"id":1032,"date":"2017-03-20T21:32:42","date_gmt":"2017-03-20T20:32:42","guid":{"rendered":"http:\/\/dreamx.blog.se\/?p=1032"},"modified":"2017-03-20T21:32:42","modified_gmt":"2017-03-20T20:32:42","slug":"vintercupen-66-tibro","status":"publish","type":"post","link":"https:\/\/rr.ahlin.org\/?p=1032","title":{"rendered":"Vintercupen 6:6 \u2013 Tibro"},"content":{"rendered":"<p>Tiden ramlar iv\u00e4g och g\u00e5r allt f\u00f6r snabbt. Det \u00e4r redan \u00f6ver en vecka sedan sista delt\u00e4vlingen i Vintercupen \u00e4gde rum i Tibro och jag har inte hunnit skriva en rad om det. Men nu \u00e4r det dags. Nu kommer en liten rapport om hur jag minns.<\/p>\n<p>Dagen b\u00f6rjade bra och v\u00e4dret verkade lovande. N\u00e5gra plusgrader och solen lyser. Min sambo f\u00f6ljde med f\u00f6r att vara support och ge mig lite peptalk b\u00e5de innan och under t\u00e4vlingen. Det lilla jag hann titta p\u00e5 sp\u00e5ret innan s\u00e5 s\u00e5g det bra ut. Precis som Tibros sp\u00e5r brukar vara.<\/p>\n<p>N\u00e4r det v\u00e4l drar ig\u00e5ng f\u00f6r k\u00f6rning s\u00e5 k\u00e4nns det ganska bra ut p\u00e5 f\u00f6rsta varvet och jag b\u00f6rjar att k\u00f6ra f\u00f6rbi n\u00e5gra av det som startat f\u00f6re mig. Mot mitten av varvet kommer jag ikapp en norrbagge som jag k\u00f6r f\u00f6rbi strax innan f\u00f6rsta slingan p\u00e5 sandbanan, (crossgymnasiets tr\u00e4ningsbana) men v\u00e4l d\u00e4r kommer han in med full fart och blockpassar mig fr\u00e5n ytterkurva. Trots flera skrikande\u00a0p\u00e5 honom s\u00e5 v\u00e4grar han att flytta p\u00e5 sig. Till slut f\u00e5r jag ett motorstopp och jag skyller det p\u00e5 norrbaggen. I min stress att k\u00f6ra ikapp igen drar jag p\u00e5 mig kramp i underarmarna och k\u00f6r ytterligare tv\u00e5 motorstopp innan varvet tog slut. I dep\u00e5n f\u00f6rs\u00f6kte jag ta lite extra vila f\u00f6r att se om armkrampen sl\u00e4ppte, men det ville den inte.<\/p>\n<p>Ut p\u00e5 varv tv\u00e5 s\u00e5 k\u00f6rde jag hela varvet med kramp i armarna. K\u00e4ndes stelt och konstigt och jag tappade grepp om b\u00e5de koppling och bromshandtag, men jag k\u00f6rde inte n\u00e5got motorstopp detta varv och det gjorde att jag k\u00f6rde tv\u00e5 sekunder snabbare \u00e4n varv ett.<\/p>\n<p>Under varv tre sl\u00e4ppte krampen och k\u00f6rningen b\u00f6rjade flyta p\u00e5 riktigt bra och k\u00f6rningen k\u00e4ndes b\u00e4ttre.\u00a0De stora sandstalpen gjorde att det var v\u00e4ldigt jobbigt att k\u00f6ra runt men jag tycker om sand s\u00e5 det gick bra.<\/p>\n<p>Under varv fyra k\u00e4nde jag hur tr\u00f6ttheten verkligen slog igenom i kroppen. Men det k\u00e4ndes \u00e4nd\u00e5 bra. Det var roligt att k\u00f6ra i sanden. Har f\u00f6r mig att jag fick n\u00e5got mer motorstopp under sista varvet men annars h\u00e4nde inget speciellt. Varvtiderna h\u00f6ll sig ganska s\u00e5 j\u00e4mna vilket ocks\u00e5 k\u00e4ndes bra.<\/p>\n<p>N\u00e5got direkt b\u00e4ttre resultat j\u00e4mf\u00f6rt med tidigare delt\u00e4vlingar blev det inte. Jag ligger i mitten p\u00e5 motionsklassen upp till 39.<br \/>\nN\u00e4r jag tittade p\u00e5 totallistan f\u00f6r hur det g\u00e5tt i \u00e5r slutade p\u00e5 plats 41 av 181 startande i min motionsklass. Hade v\u00e4l ett \u00f6nskem\u00e5l om att kunna n\u00e5 topp 20 i \u00e5r men det har inte riktigt velat sig s\u00e5. Detta var inte min endurovinter. Men \u00e5 andra sidan har jag inte kunnat tr\u00e4na n\u00e5gon enduro heller. Det har bara vart t\u00e4vlingar f\u00f6r att h\u00e5lla ig\u00e5ng k\u00f6rningen.<\/p>\n<p>Film fr\u00e5n f\u00f6rsta varvet:<br \/>\n<iframe loading=\"lazy\" width=\"865\" height=\"487\" src=\"https:\/\/www.youtube.com\/embed\/dv6biCaA-Og?feature=oembed\" frameborder=\"0\" allow=\"autoplay; encrypted-media\" allowfullscreen><\/iframe><\/p>\n","protected":false},"excerpt":{"rendered":"<p>Tiden ramlar iv\u00e4g och g\u00e5r allt f\u00f6r snabbt. Det \u00e4r redan \u00f6ver en vecka sedan sista delt\u00e4vlingen i Vintercupen \u00e4gde rum i Tibro och jag har inte hunnit skriva en rad om det. Men nu \u00e4r det dags. Nu kommer en liten rapport om hur jag minns. Dagen b\u00f6rjade bra och v\u00e4dret verkade lovande. N\u00e5gra &hellip; <a href=\"https:\/\/rr.ahlin.org\/?p=1032\" class=\"more-link\">Read more <span class=\"screen-reader-text\">Vintercupen 6:6 \u2013 Tibro<\/span><\/a><\/p>\n","protected":false},"author":1,"featured_media":0,"comment_status":"open","ping_status":"closed","sticky":false,"template":"","format":"standard","meta":{"footnotes":""},"categories":[16],"tags":[],"class_list":{"0":"post-1032","1":"post","2":"type-post","3":"status-publish","4":"format-standard","6":"category-okategoriserade"},"_links":{"self":[{"href":"https:\/\/rr.ahlin.org\/index.php?rest_route=\/wp\/v2\/posts\/1032"}],"collection":[{"href":"https:\/\/rr.ahlin.org\/index.php?rest_route=\/wp\/v2\/posts"}],"about":[{"href":"https:\/\/rr.ahlin.org\/index.php?rest_route=\/wp\/v2\/types\/post"}],"author":[{"embeddable":true,"href":"https:\/\/rr.ahlin.org\/index.php?rest_route=\/wp\/v2\/users\/1"}],"replies":[{"embeddable":true,"href":"https:\/\/rr.ahlin.org\/index.php?rest_route=%2Fwp%2Fv2%2Fcomments&post=1032"}],"version-history":[{"count":0,"href":"https:\/\/rr.ahlin.org\/index.php?rest_route=\/wp\/v2\/posts\/1032\/revisions"}],"wp:attachment":[{"href":"https:\/\/rr.ahlin.org\/index.php?rest_route=%2Fwp%2Fv2%2Fmedia&parent=1032"}],"wp:term":[{"taxonomy":"category","embeddable":true,"href":"https:\/\/rr.ahlin.org\/index.php?rest_route=%2Fwp%2Fv2%2Fcategories&post=1032"},{"taxonomy":"post_tag","embeddable":true,"href":"https:\/\/rr.ahlin.org\/index.php?rest_route=%2Fwp%2Fv2%2Ftags&post=1032"}],"curies":[{"name":"wp","href":"https:\/\/api.w.org\/{rel}","templated":true}]}}