{"id":1040,"date":"2017-04-03T09:59:06","date_gmt":"2017-04-03T07:59:06","guid":{"rendered":"http:\/\/dreamx.blog.se\/?p=1040"},"modified":"2017-04-03T09:59:06","modified_gmt":"2017-04-03T07:59:06","slug":"engagemang-i-ny-forening","status":"publish","type":"post","link":"https:\/\/rr.ahlin.org\/?p=1040","title":{"rendered":"Engagemang i ny f\u00f6rening."},"content":{"rendered":"<p>Eftersom jag nu har flyttat fr\u00e5n Falk\u00f6ping till Floda \u00e4r jag naturligtvis nyfiken p\u00e5 hur f\u00f6reningen fungerar f\u00f6r den crossbana som bara ligger fem minuter g\u00e5ngv\u00e4g fr\u00e5n d\u00e4r jag bor. Hemmabana f\u00f6r MA Lerum.<br \/>\nJag har varit i kontakt med MA Lerum och pratat lite med dem ang\u00e5ende att hj\u00e4lpa till med bansk\u00f6tsel. Ig\u00e5r var jag d\u00e4r f\u00f6r ett m\u00f6te. Dock inte s\u00e5 m\u00e5nga n\u00e4rvarande men jag fick en stor inblick i f\u00f6reningen och koll p\u00e5 l\u00e4get d\u00e4r. Det finns mycket vilja och energi. De jag tr\u00e4ffade var glada personer och jag k\u00e4nde mig v\u00e4lkomnad.<\/p>\n<p>Men som i s\u00e5 m\u00e5nga andra f\u00f6reningar finns det ocks\u00e5 en hel del utmaningar. Bland annat med att f\u00e5 folk till att hj\u00e4lpa till. Det k\u00e4ndes som att de var glada \u00f6ver att jag har anm\u00e4lt mitt intresse. D\u00e5 n\u00e5gra av de som f\u00f6rv\u00e4ntades n\u00e4rvara var fr\u00e5nvarande s\u00e5 blev det inte mycket till m\u00f6te, utan ist\u00e4llet pratades det om traktorer, lastmaskiner och banan.<\/p>\n<p>CEC VGC Pre-race (V\u00e4stg\u00f6tacrossen) skall k\u00f6ras p\u00e5 banan den 22:e April och efter det skall viss ombyggnad g\u00f6ras. Framf\u00f6rallt p\u00e5 grund av n\u00e5gra direktiv fr\u00e5n elbolaget som ansvarar f\u00f6r de kraftledningar som g\u00e5r \u00f6ver banan. Jag \u00e4r \u00e4nnu inte riktigt inf\u00f6rst\u00e5dd med vad det \u00e4r som kommer att byggas om men det hoppas jag att jag blir varse snart.<\/p>\n<p>Kul att engagera sig i ny f\u00f6rening och l\u00e4ra k\u00e4nna nya m\u00e4nniskor.<br \/>\nOch nej, jag kommer inte l\u00e4mna Falk\u00f6pings MK. Mitt hj\u00e4rta sl\u00e5r p\u00e5 n\u00e5got s\u00e4tt alltid h\u00e5rdast f\u00f6r modersklubben. Jag kommer att k\u00f6ra med serielaget i Falk\u00f6ping i \u00e5r, \u00e4ven om det fortsatt inneb\u00e4r reservserie f\u00f6r mig. Och det ska bli kul och se hur det fungerar i division ett i \u00e5r. Jag \u00e4r ju ocks\u00e5 engagerad d\u00e4r inf\u00f6r SM i enduro 8:e och 13-14:e Maj.<\/p>\n","protected":false},"excerpt":{"rendered":"<p>Eftersom jag nu har flyttat fr\u00e5n Falk\u00f6ping till Floda \u00e4r jag naturligtvis nyfiken p\u00e5 hur f\u00f6reningen fungerar f\u00f6r den crossbana som bara ligger fem minuter g\u00e5ngv\u00e4g fr\u00e5n d\u00e4r jag bor. Hemmabana f\u00f6r MA Lerum. Jag har varit i kontakt med MA Lerum och pratat lite med dem ang\u00e5ende att hj\u00e4lpa till med bansk\u00f6tsel. Ig\u00e5r var &hellip; <a href=\"https:\/\/rr.ahlin.org\/?p=1040\" class=\"more-link\">Read more <span class=\"screen-reader-text\">Engagemang i ny f\u00f6rening.<\/span><\/a><\/p>\n","protected":false},"author":1,"featured_media":0,"comment_status":"open","ping_status":"closed","sticky":false,"template":"","format":"standard","meta":{"footnotes":""},"categories":[16],"tags":[],"class_list":{"0":"post-1040","1":"post","2":"type-post","3":"status-publish","4":"format-standard","6":"category-okategoriserade"},"_links":{"self":[{"href":"https:\/\/rr.ahlin.org\/index.php?rest_route=\/wp\/v2\/posts\/1040"}],"collection":[{"href":"https:\/\/rr.ahlin.org\/index.php?rest_route=\/wp\/v2\/posts"}],"about":[{"href":"https:\/\/rr.ahlin.org\/index.php?rest_route=\/wp\/v2\/types\/post"}],"author":[{"embeddable":true,"href":"https:\/\/rr.ahlin.org\/index.php?rest_route=\/wp\/v2\/users\/1"}],"replies":[{"embeddable":true,"href":"https:\/\/rr.ahlin.org\/index.php?rest_route=%2Fwp%2Fv2%2Fcomments&post=1040"}],"version-history":[{"count":0,"href":"https:\/\/rr.ahlin.org\/index.php?rest_route=\/wp\/v2\/posts\/1040\/revisions"}],"wp:attachment":[{"href":"https:\/\/rr.ahlin.org\/index.php?rest_route=%2Fwp%2Fv2%2Fmedia&parent=1040"}],"wp:term":[{"taxonomy":"category","embeddable":true,"href":"https:\/\/rr.ahlin.org\/index.php?rest_route=%2Fwp%2Fv2%2Fcategories&post=1040"},{"taxonomy":"post_tag","embeddable":true,"href":"https:\/\/rr.ahlin.org\/index.php?rest_route=%2Fwp%2Fv2%2Ftags&post=1040"}],"curies":[{"name":"wp","href":"https:\/\/api.w.org\/{rel}","templated":true}]}}