{"id":1045,"date":"2017-04-25T13:43:36","date_gmt":"2017-04-25T11:43:36","guid":{"rendered":"http:\/\/dreamx.blog.se\/?p=1045"},"modified":"2017-04-25T13:43:36","modified_gmt":"2017-04-25T11:43:36","slug":"cec-vgc-prerace-2017-04-2223","status":"publish","type":"post","link":"https:\/\/rr.ahlin.org\/?p=1045","title":{"rendered":"CEC VGC PreRace, 2017-04-22\/23"},"content":{"rendered":"<p>D\u00e5 har jag \u00e4ntligen gjort f\u00f6rsta crosst\u00e4vlingen f\u00f6r i \u00e5r.<br \/>\nOch vilken h\u00e4rlig k\u00e4nsla det var. Sk\u00f6nt att f\u00e5 ge sig ut p\u00e5 crossbanan och r\u00e4jsa lite. Dock med lite varierande framg\u00e5ng. Men jag hade roligt i alla fall.<\/p>\n<p>F\u00f6rsta t\u00e4vlingen gick p\u00e5 &#8221;nya hemmabanan&#8221; h\u00e4r i Floda. Det var lite kallt p\u00e5 l\u00f6rdagsmorgonen och lite bl\u00e5sigt under dagen men inget som m\u00e4rktes n\u00e4r jag k\u00f6rde. F\u00f6r dagen hade jag blivit placerad i grupp tre. N\u00e4st snabbaste gruppen. Och det m\u00e4rktes. Under tr\u00e4ningen tyckte jag alla k\u00f6rde s\u00e5 snabbt. Och jag hade n\u00e4st l\u00e5ngsammast varvtid. V\u00e4l ut p\u00e5 tidskvalet s\u00e5 g\u00e4ller det att s\u00e4tta ett s\u00e5 snabbt varv som m\u00f6jligt. Vi som var i grupp 3 \u00e4r garanterade plats i kval om B- eller C-final. S\u00e5 en snabb varvtid betyder inte mer f\u00f6r mig \u00e4n en b\u00e4ttre grindplacering. Mitt snabbaste varv var i alla fall ca fem sekunder snabbare \u00e4n vad det var under tr\u00e4ningen och nu var jag inte n\u00e4st l\u00e5ngsammast l\u00e4ngre, bara femte l\u00e5ngsammast.<\/p>\n<p>Efter att jag kunnat knallat hem p\u00e5 lite lunch gick jag tillbaka f\u00f6r att k\u00f6ra kval om att ta mig till B-final eller C-final. Topp 14 g\u00e5r till B-final, resten till C. Jag kom iv\u00e4g d\u00e5ligt p\u00e5 startrakan d\u00e5 f\u00f6raren som stod bredvid mig skr\u00e4mde mig lite n\u00e4r han gick upp p\u00e5 bakhjulet och satte ner sitt framhjul lite snett framf\u00f6r mig, vilket gjorde att jag slog av p\u00e5 gasen och var s\u00e5ledes ganska efter i f\u00f6rsta sv\u00e4ng. Men jag k\u00f6rde upp mig till en tolfte plats och s\u00e4krade min plats i B-final. Mycket n\u00f6jd \u00f6ver det.<\/p>\n<p>I B-finalen kom jag iv\u00e4g ganska bra men tog ut f\u00f6rsta sv\u00e4ngen lite f\u00f6r mycket och var v\u00e4l med i mitten n\u00e5gonstans. K\u00f6rningen gick bra fram till varv tre. D\u00e5 slutade bakbromsen att fungera. Jag fick slutf\u00f6ra finalen utan bakbroms och men k\u00f6rde \u00e4nd\u00e5 in p\u00e5 21:a plats av 28 startande. Inte sist i alla fall. Men \u00e4nd\u00e5 n\u00f6jd med dagen \u00f6ver att tagit mig till B-final.<\/p>\n<p>Under kv\u00e4llen kikade jag lite p\u00e5 min bakbroms och s\u00e5g inget fel, mer \u00e4n att det saknades olja. Min gissning var att jag hade en lite l\u00e4cka n\u00e5gonstans s\u00e5 att oljan sakta sakta sipprade ut. Jag fyllde p\u00e5 ny olja och provbromsade och allt fungerade.<\/p>\n<p>S\u00e5 till Kinds MK utanf\u00f6r Svenljunga p\u00e5 s\u00f6ndag morgon. -2\u00b0C kallt men \u00e4nd\u00e5 bra v\u00e4der. Det kom ett par pyttesm\u00e5 sn\u00f6byar under dagen men temperaturen l\u00e5g \u00e4nd\u00e5 runt 8-10\u00b0C tror jag.<\/p>\n<p>Precis n\u00e4r f\u00f6rsta tr\u00e4ningen skulle starta provade jag bakbromsen igen och d\u00e5 fungerade den inte. J\u00e4kla skit. Jag b\u00f6jde mig ner och tryckte med handen. Uppt\u00e4ckte d\u00e5 att det \u00e4r h\u00e5l p\u00e5 slangen. Lite sm\u00e5stressad f\u00f6rs\u00f6kte jag linda massa eltejp runt men f\u00f6rg\u00e4ves. Jag k\u00f6rde tr\u00e4ningen utan bakbroms. Vilket gick v\u00e4ldigt d\u00e5ligt i sanden. Efter tr\u00e4ningen fr\u00e5gade jag runt lite om det var n\u00e5gon som hade en bromsslang att l\u00e5na ut. Fick kontakt med f\u00f6rare #219 som hade en extra hoj med sig. Jag fick lov att l\u00e5na hans slang. S\u00e5 j\u00e4kla sn\u00e4llt!<br \/>\nJag hann precis montera p\u00e5 den och fylla i bromsv\u00e4tska innan det var dags f\u00f6r mig att ge mig ut p\u00e5 tidskvalet. Jag gjorde n\u00e4st s\u00e4mst tid. Dels hade jag ju inte kunnat tr\u00e4na ordentligt under tr\u00e4ningen s\u00e5 tidskvalet blev som en tr\u00e4ning. Jaja, jag f\u00e5r ju \u00e4nd\u00e5 k\u00f6ra kval om C- eller B-final.<\/p>\n<p>I k\u00f6rkvalet s\u00e5 var jag med i mitten ungef\u00e4r fram till femte kurvan. D\u00e5 la jag mig och hojen dog. N\u00e4r jag v\u00e4l var ig\u00e5ng igen var jag d\u00f6sist och f\u00f6rs\u00f6kte b\u00f6rja jaga. K\u00f6rde upp mig fr\u00e5n 24:e till 18:e plats. Men det r\u00e4ckte inte f\u00f6r att ta sig till B-final. S\u00e5 helt enkelt C-final idag.<br \/>\nI finalen lyckades jag med att sl\u00e4ppa kopplingen f\u00f6r snabbt i starten s\u00e5 jag fick motorstopp. N\u00e4r hojen var ig\u00e5ng hade alla hunnit \u00f6ver startrakan n\u00e4r jag b\u00f6rjade rulla. Blev till att b\u00f6rja jaga igen. K\u00f6rde faktiskt riktigt bra, Fick flyt i k\u00f6rningen och jag orkade h\u00e5lla i. Jag k\u00f6rde upp mig till en \u00e5ttonde plats. Vilket jag var n\u00f6jd med fr\u00e5n att varit sist.<\/p>\n<p>S\u00e5 det var en bra genomk\u00f6rare av kroppen. Bra uppladdning f\u00f6r s\u00e4songen.<br \/>\nJag filmade med min GoPro. Men av n\u00e5gon anledning fanns bara filerna fr\u00e5n l\u00f6rdagens t\u00e4vling med. Min GoPro har b\u00f6rjat dumma sig. Tappa inst\u00e4llningar m.m. s\u00e5 den kanske b\u00f6rjar ge upp. H\u00e4r under finner ni en video fr\u00e5n B-finalen p\u00e5 l\u00f6rdagen.<br \/>\n<iframe loading=\"lazy\" width=\"865\" height=\"487\" src=\"https:\/\/www.youtube.com\/embed\/IB7CYKAV9nY?feature=oembed\" frameborder=\"0\" allow=\"autoplay; encrypted-media\" allowfullscreen><\/iframe><\/p>\n","protected":false},"excerpt":{"rendered":"<p>D\u00e5 har jag \u00e4ntligen gjort f\u00f6rsta crosst\u00e4vlingen f\u00f6r i \u00e5r. Och vilken h\u00e4rlig k\u00e4nsla det var. Sk\u00f6nt att f\u00e5 ge sig ut p\u00e5 crossbanan och r\u00e4jsa lite. Dock med lite varierande framg\u00e5ng. Men jag hade roligt i alla fall. F\u00f6rsta t\u00e4vlingen gick p\u00e5 &#8221;nya hemmabanan&#8221; h\u00e4r i Floda. Det var lite kallt p\u00e5 l\u00f6rdagsmorgonen och &hellip; <a href=\"https:\/\/rr.ahlin.org\/?p=1045\" class=\"more-link\">Read more <span class=\"screen-reader-text\">CEC VGC PreRace, 2017-04-22\/23<\/span><\/a><\/p>\n","protected":false},"author":1,"featured_media":0,"comment_status":"open","ping_status":"closed","sticky":false,"template":"","format":"standard","meta":{"footnotes":""},"categories":[19],"tags":[],"class_list":{"0":"post-1045","1":"post","2":"type-post","3":"status-publish","4":"format-standard","6":"category-tavlingar"},"_links":{"self":[{"href":"https:\/\/rr.ahlin.org\/index.php?rest_route=\/wp\/v2\/posts\/1045"}],"collection":[{"href":"https:\/\/rr.ahlin.org\/index.php?rest_route=\/wp\/v2\/posts"}],"about":[{"href":"https:\/\/rr.ahlin.org\/index.php?rest_route=\/wp\/v2\/types\/post"}],"author":[{"embeddable":true,"href":"https:\/\/rr.ahlin.org\/index.php?rest_route=\/wp\/v2\/users\/1"}],"replies":[{"embeddable":true,"href":"https:\/\/rr.ahlin.org\/index.php?rest_route=%2Fwp%2Fv2%2Fcomments&post=1045"}],"version-history":[{"count":0,"href":"https:\/\/rr.ahlin.org\/index.php?rest_route=\/wp\/v2\/posts\/1045\/revisions"}],"wp:attachment":[{"href":"https:\/\/rr.ahlin.org\/index.php?rest_route=%2Fwp%2Fv2%2Fmedia&parent=1045"}],"wp:term":[{"taxonomy":"category","embeddable":true,"href":"https:\/\/rr.ahlin.org\/index.php?rest_route=%2Fwp%2Fv2%2Fcategories&post=1045"},{"taxonomy":"post_tag","embeddable":true,"href":"https:\/\/rr.ahlin.org\/index.php?rest_route=%2Fwp%2Fv2%2Ftags&post=1045"}],"curies":[{"name":"wp","href":"https:\/\/api.w.org\/{rel}","templated":true}]}}