{"id":1053,"date":"2017-05-22T20:56:19","date_gmt":"2017-05-22T18:56:19","guid":{"rendered":"http:\/\/dreamx.blog.se\/?p=1053"},"modified":"2017-05-22T20:56:19","modified_gmt":"2017-05-22T18:56:19","slug":"cec-vgc-stenungsund-2017-05-20","status":"publish","type":"post","link":"https:\/\/rr.ahlin.org\/?p=1053","title":{"rendered":"CEC VGC Stenungsund, 2017-05-20"},"content":{"rendered":"<p><strong>Delt\u00e4vling tv\u00e5 i CEC VGC skulle bli en varm, dammig och geggig t\u00e4vling d\u00e4r det var fulla startgrindar med totalt 160 anm\u00e4lda p\u00e5 t\u00e4vlingsdagen. Jag hade sj\u00e4lv inte hunnit tr\u00e4na n\u00e5got eller st\u00e4lla in hojen f\u00f6r lite h\u00e5rdare bana. Det m\u00e4rktes tyckte jag.<\/strong><\/p>\n<p>Efter som jag bara har ca 45 minuter fr\u00e5n min nya bostadsadress till motocrossbanan i Stenungsund \u00e5kte jag dit p\u00e5 morgonen. Kl 06:05 \u00e5kte jag. Dock hade inte natten varit s\u00e5 bra. Jag vaknade redan kl 01:34 och var helt t\u00e4ppt i n\u00e4san. Gick upp f\u00f6r att snyta mig och b\u00f6rjade d\u00e5 bl\u00f6da n\u00e4sblod. K\u00e4nde mig v\u00e4ldigt kall och gick f\u00f6r att ta p\u00e5 mig en t-shirt och strumpor f\u00f6r att b\u00e4dda ner mig igen. Kunde inte somna om och l\u00e5g bara och v\u00e4ntade p\u00e5 att klockan skulle ringa kl 05:00. Magen hade som vanligt under natten till en t\u00e4vlingsdag b\u00f6rjat att bubbla och jag fick g\u00f6ra tv\u00e5 toalettbes\u00f6k innan jag \u00e5kte. F\u00f6rst\u00e5r inte detta fenomen. Jag k\u00e4nner mig inte nerv\u00f6s eller orolig p\u00e5 n\u00e5got s\u00e4tt. Kan man vara omedvetet fysiskt nerv\u00f6s?<\/p>\n<p>V\u00e4l p\u00e5 plats hittade jag en liten plats att kn\u00f6 mig in hos camp Beskaskinn. Gick och anm\u00e4lde mig och sedan lastade jag ur. I v\u00e4ntan p\u00e5 f\u00f6rarm\u00f6tet gjorde jag en snabb track-walk och synade n\u00e5gra av hoppen, men framf\u00f6rallt wavesen som jag inte hoppat h\u00e4r. Jag k\u00e4nde mig tveksam f\u00f6r jag tyckte de s\u00e5g ganska stora ut.<\/p>\n<p>N\u00e4r jag stod och tittade p\u00e5 de tv\u00e5 tr\u00e4ningsgrupper som tr\u00e4nade innan min tid s\u00e5g jag att flertalet av de l\u00e4gre seedade f\u00f6rarna hoppade wavesen och jag pratade men kille som sa att de var l\u00e4tta. Men jag h\u00f6rde ocks\u00e5 att n\u00e5gon sa att de var sv\u00e5ra. Jag best\u00e4mde mig f\u00f6r att det f\u00e5r bli som det blir. Jag g\u00e5r p\u00e5 k\u00e4nslan n\u00e4r jag v\u00e4l k\u00f6r d\u00e4r. Efter den obligatoriska tv\u00e5-starts-tr\u00e4ningen rullade vi runt ett varv med gulflagg (n\u00e4, jag k\u00f6r inte med en gul flagga, det vinkas med gulflagg runt hela banan och hoppf\u00f6rbud r\u00e5der) och n\u00e4r jag rullade \u00f6ver wavesen k\u00e4ndes det inte helt om\u00f6jligt att hoppa dem. P\u00e5 andra varvet n\u00e4r vi fick k\u00f6ra med valfri fart hoppade jag bara kort fr\u00e5n f\u00f6rsta waven in i andra och k\u00e4nde att lite mera fart s\u00e5 borde det inte vara n\u00e5gra problem. Sagt och gjort p\u00e5 n\u00e4sta varv s\u00e5 satte jag dem. Var ganska l\u00e4tta ur mitt perspektiv sett tyckte jag. Dock drog jag strax p\u00e5 mig kramp i underarmarna och kunde inte k\u00f6ra ordentligt\u00a0p\u00e5 hela tr\u00e4ningen. Det var b\u00e5de stelt och jobbigt.<\/p>\n<p>Efter lite vila var det dags f\u00f6r n\u00e4sta pass och d\u00e5 \u00e4r det tidskval. F\u00f6rs\u00f6kte s\u00e4tta ett snabbt varv s\u00e5 tidigt som m\u00f6jligt eftersom det var varmt och var r\u00e4dd att krampen i underarmarna skulle komma \u00e5ter. Vilket det ocks\u00e5 gjorde. Fr\u00e5n varv tre var det fullst\u00e4ndigt om\u00f6jligt att k\u00f6ra med full kramp. Funderade p\u00e5 vad det kunde bero p\u00e5. \u00c4r det ovanan vid den nya hojen som g\u00f6r det? Konstigt att jag inte fick det i Hallsberg d\u00e5? Men jag h\u00f6rde p\u00e5 flera h\u00e5ll att det uppfattades som att banan f\u00f6r dagen var jobbig. Jag gjorde tredje s\u00e4msta tid i tr\u00e4ningsgrupp 3. Det dammade ocks\u00e5 v\u00e4ldigt mycket p\u00e5 banan s\u00e5 det var lite ot\u00e4ckt p\u00e5 sina st\u00e4llen.<\/p>\n<p>Inf\u00f6r k\u00f6rkvalet jobbades det lite med banan. P\u00e5 med massa vatten f\u00f6r att f\u00e5 ner dammet, och jag s\u00e5g n\u00e4r D-finalen k\u00f6rdes innan mitt k\u00f6rkval s\u00e5 var en del faktiskt riktigt geggiga. S\u00e5 dags f\u00f6r mig att k\u00f6ra kval om B eller C-final. Starten var ingen \u00f6verraskning direkt, lika d\u00e5ligt som vanligt. Jag kom ut v\u00e4ldigt sent ur f\u00f6rsta kurvan och var bland de sista. Eftersom banan var \u00f6vervattnad p\u00e5 m\u00e5nga st\u00e4llen skv\u00e4ttes jag ner av mycket lera och fick dra i roll-offen p\u00e5 glas\u00f6gonen flera g\u00e5nger under f\u00f6rsta halvan av f\u00f6rsta varvet, och tappade ytterligare placeringar. Suck. Men jag \u00e4r ju van att jaga. Men eftersom jag inte fick flyt i min k\u00f6rning idag k\u00f6rde jag bara upp mig till 22:a plats och missade s\u00e5ledes B-finalen med tv\u00e5 ynka placeringar. Jag slapp i alla fall krampen i underarmarna, men blev otroligt tr\u00f6tt, jag l\u00e5g p\u00e5 rygg i sk\u00e5pet p\u00e5 min bil och bara hyperventilerade en l\u00e5ng stund innan jag ens fick i mig lite vatten.<\/p>\n<p>Jag fick v\u00e4lja grindplats som nummer tre till C-finalen och jag tog mig tid att g\u00e5 ut och v\u00e4lja grind och stampa mitt sp\u00e5r f\u00f6r att g\u00f6ra en s\u00e5 bra start som m\u00f6jligt. Nu t\u00e4nkte jag att jag m\u00e5ste starta b\u00e4ttre, med en s\u00e5 bra placering. Efter lite v\u00e4ntan p\u00e5 att sjukv\u00e5rdspersonal skulle infinna sig s\u00e5 var det \u00e4ntligen dags f\u00f6r start. Jag kom f\u00f6r en g\u00e5ngs skull iv\u00e4g bra. K\u00e4nde att jag var med l\u00e5ngt fram i f\u00f6rsta kurvan och r\u00e4knade snabbt till en 5-6 f\u00f6rare framf\u00f6r mig. Efter ytterligare tv\u00e5 kurvor visade tidtagningen att jag var \u00e5tta. S\u00e5 bra start har jag knappt lyckats med alls. Det var nog tv\u00e5 \u00e5r sedan i en D-final i Donkelo jag var fyra en g\u00e5ng som \u00e4r b\u00e4ttre. S\u00e5 jag k\u00e4nde mig lugn och kunde k\u00f6ra utan att stressa \u00f6ver att beh\u00f6va jaga placeringar. (Jag var nog visst fyra i k\u00f6rkvalet i Arvika ocks\u00e5.) Jag k\u00f6rde upp mig till att sluta p\u00e5 en femte plats. Vilket jag var mycket n\u00f6jd med.<\/p>\n<p>Video fr\u00e5n C-finalen:<br \/>\n<iframe loading=\"lazy\" width=\"865\" height=\"487\" src=\"https:\/\/www.youtube.com\/embed\/J0jNGo_L8_w?feature=oembed\" frameborder=\"0\" allow=\"autoplay; encrypted-media\" allowfullscreen><\/iframe><\/p>\n","protected":false},"excerpt":{"rendered":"<p>Delt\u00e4vling tv\u00e5 i CEC VGC skulle bli en varm, dammig och geggig t\u00e4vling d\u00e4r det var fulla startgrindar med totalt 160 anm\u00e4lda p\u00e5 t\u00e4vlingsdagen. Jag hade sj\u00e4lv inte hunnit tr\u00e4na n\u00e5got eller st\u00e4lla in hojen f\u00f6r lite h\u00e5rdare bana. Det m\u00e4rktes tyckte jag. Efter som jag bara har ca 45 minuter fr\u00e5n min nya bostadsadress &hellip; <a href=\"https:\/\/rr.ahlin.org\/?p=1053\" class=\"more-link\">Read more <span class=\"screen-reader-text\">CEC VGC Stenungsund, 2017-05-20<\/span><\/a><\/p>\n","protected":false},"author":1,"featured_media":0,"comment_status":"open","ping_status":"closed","sticky":false,"template":"","format":"standard","meta":{"footnotes":""},"categories":[19],"tags":[],"class_list":{"0":"post-1053","1":"post","2":"type-post","3":"status-publish","4":"format-standard","6":"category-tavlingar"},"_links":{"self":[{"href":"https:\/\/rr.ahlin.org\/index.php?rest_route=\/wp\/v2\/posts\/1053"}],"collection":[{"href":"https:\/\/rr.ahlin.org\/index.php?rest_route=\/wp\/v2\/posts"}],"about":[{"href":"https:\/\/rr.ahlin.org\/index.php?rest_route=\/wp\/v2\/types\/post"}],"author":[{"embeddable":true,"href":"https:\/\/rr.ahlin.org\/index.php?rest_route=\/wp\/v2\/users\/1"}],"replies":[{"embeddable":true,"href":"https:\/\/rr.ahlin.org\/index.php?rest_route=%2Fwp%2Fv2%2Fcomments&post=1053"}],"version-history":[{"count":0,"href":"https:\/\/rr.ahlin.org\/index.php?rest_route=\/wp\/v2\/posts\/1053\/revisions"}],"wp:attachment":[{"href":"https:\/\/rr.ahlin.org\/index.php?rest_route=%2Fwp%2Fv2%2Fmedia&parent=1053"}],"wp:term":[{"taxonomy":"category","embeddable":true,"href":"https:\/\/rr.ahlin.org\/index.php?rest_route=%2Fwp%2Fv2%2Fcategories&post=1053"},{"taxonomy":"post_tag","embeddable":true,"href":"https:\/\/rr.ahlin.org\/index.php?rest_route=%2Fwp%2Fv2%2Ftags&post=1053"}],"curies":[{"name":"wp","href":"https:\/\/api.w.org\/{rel}","templated":true}]}}