{"id":1060,"date":"2017-05-29T09:45:00","date_gmt":"2017-05-29T07:45:00","guid":{"rendered":"http:\/\/dreamx.blog.se\/?p=1060"},"modified":"2017-05-29T09:45:00","modified_gmt":"2017-05-29T07:45:00","slug":"serien-varberg-2017-05-25","status":"publish","type":"post","link":"https:\/\/rr.ahlin.org\/?p=1060","title":{"rendered":"Serien Varberg, 2017-05-25"},"content":{"rendered":"<p>P\u00e5 kristihimmelf\u00e4rsdagen var det dags f\u00f6r delt\u00e4vling tv\u00e5 i serien i div 1 med Falk\u00f6pings MK. P\u00e5 den roliga banan i Varberg. Det var varmt v\u00e4der och allt k\u00e4ndes perfekt. Jag blev dock lite sen till platsen men i tid f\u00f6r att hinna anm\u00e4la mig. Jag k\u00f6rde ju semestercrossen d\u00e4r f\u00f6r tv\u00e5 \u00e5r sedan s\u00e5 jag vet ju hur banan g\u00e5r.<\/p>\n<p>Ut p\u00e5 f\u00f6rsta tr\u00e4ningen k\u00e4nde jag n\u00e4stan direkt att jag hade j\u00e4tteont i ryggen. Hade inte k\u00e4nt av n\u00e5got alls innan s\u00e5 jag vet inte var det kom ifr\u00e5n. Kunde jag str\u00e4ckt mig n\u00e4r jag puttade hojen upp till start. (Var en ganska jobbig uppf\u00f6rbacke.) Eller gjorde jag n\u00e5got i de f\u00f6rsta kurvorna? N\u00e4r jag rullade runt uppt\u00e4ckte jag att det har byggt om banan lite. Och p\u00e5 ett st\u00e4lle hade de gjort en wave-sektion som k\u00e4ndes jobbigt stor n\u00e4r jag rullade \u00f6ver dem p\u00e5 f\u00f6rsta sighting lap med gulflagg. Men wavsen gick bra. P\u00e5 tredje varvet hoppade jag \u00f6ver dem s\u00e5 inga problem d\u00e4r. Jag tyckte det ombyggda p\u00e5 banan var till det b\u00e4ttre \u00e4n hur den var innan s\u00e5 banan var riktigt rolig tyckte jag. Synd bara att jag f\u00e5tt s\u00e5 j\u00e4kla ont i ryggen.<\/p>\n<p>Fr\u00e5n kvalen fick vi med 3 + 3 f\u00f6rare till A-final vilket k\u00e4nns j\u00e4ttebra. Vi \u00e4r ju \u00e4nd\u00e5 nykomlingar i division 1 och kommit upp fr\u00e5n division 2.<\/p>\n<p>K\u00f6rde som vanligt i reservlaget d\u00e4r vi var sju stycken fr\u00e5n Falk\u00f6ping. Jag k\u00f6rde in p\u00e5 13:e plats av 29 startande s\u00e5 jag var riktigt n\u00f6jd. I pausen sedan blev ryggen om m\u00f6jligt \u00e4nnu v\u00e4rre. Ju mer jag vilade desto stelare blev jag. Men jag f\u00f6rs\u00f6kte v\u00e4rma upp innan n\u00e4sta heat och smorde in mig med lite sm\u00e4rtlindrande.<\/p>\n<p>I heat tv\u00e5 med reservlaget gjorde jag en riktigt bra start men bromsade f\u00f6r sent till f\u00f6rsta kurvan. Men jag tj\u00e4nade nog \u00e4nd\u00e5 p\u00e5 det. Jag kom runt bra p\u00e5 yttern n\u00e4r det tjockade ihop sig p\u00e5 innern och var \u00e4nd\u00e5 med hyfsat bra. Jag blev v\u00e4ldigt tr\u00f6tt under k\u00f6rningen och ryggen gjorde sig p\u00e5mind. Jag k\u00f6rde in p\u00e5 en 15:e plats.<\/p>\n<p>Falk\u00f6pings MK kom tv\u00e5a f\u00f6r dagen efter vinnande Tibro MK som tog sin andra andra raka seger.<\/p>\n<p>Jag var i det stora hela n\u00f6jd med dagen och tyckte att k\u00f6rningen gick bra. Jag hade mycket bra st\u00f6ttning fr\u00e5n min sambo som var med denna dag och ger mig mycket motivation och m\u00e5nga h\u00e4rliga skratt. Det jag minns mest fr\u00e5n dagen var nog hennes kommentar n\u00e4r vi stod och tittade n\u00e4r ena k\u00f6rkvalet var och vid en uppf\u00f6rstrappa s\u00e5 &#8221;whippade&#8221; n\u00e4stan alla. S\u00e5 d\u00e4r s\u00e5 det ser s\u00e5 fr\u00e4ckt ut tycker jag. D\u00e5 s\u00e4ger hon: &#8221;De ser ut som sm\u00e5 humlor som vickar p\u00e5 rumpan.&#8221; D\u00e5 brast jag ut i skratt. Jag kan visserligen f\u00f6rst\u00e5 hur hon menar. De brummar f\u00f6rbi och l\u00e4gger ut baken \u00e5t sidan i luften.<\/p>\n","protected":false},"excerpt":{"rendered":"<p>P\u00e5 kristihimmelf\u00e4rsdagen var det dags f\u00f6r delt\u00e4vling tv\u00e5 i serien i div 1 med Falk\u00f6pings MK. P\u00e5 den roliga banan i Varberg. Det var varmt v\u00e4der och allt k\u00e4ndes perfekt. Jag blev dock lite sen till platsen men i tid f\u00f6r att hinna anm\u00e4la mig. Jag k\u00f6rde ju semestercrossen d\u00e4r f\u00f6r tv\u00e5 \u00e5r sedan s\u00e5 &hellip; <a href=\"https:\/\/rr.ahlin.org\/?p=1060\" class=\"more-link\">Read more <span class=\"screen-reader-text\">Serien Varberg, 2017-05-25<\/span><\/a><\/p>\n","protected":false},"author":1,"featured_media":0,"comment_status":"open","ping_status":"closed","sticky":false,"template":"","format":"standard","meta":{"footnotes":""},"categories":[19],"tags":[],"class_list":{"0":"post-1060","1":"post","2":"type-post","3":"status-publish","4":"format-standard","6":"category-tavlingar"},"_links":{"self":[{"href":"https:\/\/rr.ahlin.org\/index.php?rest_route=\/wp\/v2\/posts\/1060"}],"collection":[{"href":"https:\/\/rr.ahlin.org\/index.php?rest_route=\/wp\/v2\/posts"}],"about":[{"href":"https:\/\/rr.ahlin.org\/index.php?rest_route=\/wp\/v2\/types\/post"}],"author":[{"embeddable":true,"href":"https:\/\/rr.ahlin.org\/index.php?rest_route=\/wp\/v2\/users\/1"}],"replies":[{"embeddable":true,"href":"https:\/\/rr.ahlin.org\/index.php?rest_route=%2Fwp%2Fv2%2Fcomments&post=1060"}],"version-history":[{"count":0,"href":"https:\/\/rr.ahlin.org\/index.php?rest_route=\/wp\/v2\/posts\/1060\/revisions"}],"wp:attachment":[{"href":"https:\/\/rr.ahlin.org\/index.php?rest_route=%2Fwp%2Fv2%2Fmedia&parent=1060"}],"wp:term":[{"taxonomy":"category","embeddable":true,"href":"https:\/\/rr.ahlin.org\/index.php?rest_route=%2Fwp%2Fv2%2Fcategories&post=1060"},{"taxonomy":"post_tag","embeddable":true,"href":"https:\/\/rr.ahlin.org\/index.php?rest_route=%2Fwp%2Fv2%2Ftags&post=1060"}],"curies":[{"name":"wp","href":"https:\/\/api.w.org\/{rel}","templated":true}]}}