{"id":1063,"date":"2017-05-29T10:02:24","date_gmt":"2017-05-29T08:02:24","guid":{"rendered":"http:\/\/dreamx.blog.se\/?p=1063"},"modified":"2017-05-29T10:02:24","modified_gmt":"2017-05-29T08:02:24","slug":"serien-boras-2017-05-28","status":"publish","type":"post","link":"https:\/\/rr.ahlin.org\/?p=1063","title":{"rendered":"Serien Bor\u00e5s, 2017-05-28"},"content":{"rendered":"<p>Inte m\u00e5nga dagars vila fram till tredje delt\u00e4vlingen med serielaget. Denna g\u00e5ng i Bor\u00e5s. En bana som jag k\u00f6rt p\u00e5 innan med samband men v\u00e4stg\u00f6tacrossen. F\u00f6r dagen var det j\u00e4ttevarmt och s\u00e5d\u00e4r kvalmigt och n\u00e4stan jobbigt att andas. Jag hade sedan torsdagen fortfarande ganska ont i ryggen. Men ville \u00e4nd\u00e5 k\u00f6ra. P\u00e5 morgonen k\u00e4ndes ryggen ganska bra men jag var extra noga med att v\u00e4rma upp och sm\u00f6rja in mig med sm\u00e4rtlindrade inf\u00f6r f\u00f6rsta tr\u00e4ningen.<\/p>\n<p>Jag tog det lugnt under tr\u00e4ningen och f\u00f6rs\u00f6kte bara hitta ett flyt i min k\u00f6rning och k\u00e4nde p\u00e5 alla hoppen. Det k\u00e4ndes riktigt bra och jag hoppade t.o.m. \u00f6ver de \u00f6k\u00e4nda wavesen som sk\u00f6rdat m\u00e5nga offer under VGC-t\u00e4vlingar h\u00e4r. Jag var lite nerv\u00f6s f\u00f6r dem men sk\u00f6nt att kunna hoppa \u00f6ver dem \u00e4ntligen. Ryggen k\u00e4ndes ocks\u00e5 hyfsat bra under k\u00f6rningen.<\/p>\n<p>Inf\u00f6r att k\u00f6rkvalen skulle k\u00f6ras b\u00f6rjade det regna. Och det gjorde v\u00e4ldigt gott f\u00f6r b\u00e5de lyften och banan tyckte jag. Det blev mycket b\u00e4ttre syrehalt i luften och mycket l\u00e4ttare att andas.<\/p>\n<p>I de tv\u00e5 k\u00f6rkvalen lyckes alla \u00e5tta f\u00f6rare fr\u00e5n Falk\u00f6pings MK kvala in sig till A-final. Tibro som varit s\u00e5 duktiga tidigare lyckades bara f\u00e5 med sig tre. Vilket var en rej\u00e4l skr\u00e4ll tycker jag. Jag vet inte vad det berodde p\u00e5. N\u00e5gon hade ramlat h\u00f6rde jag men mer vet jag inte.<\/p>\n<p>N\u00e4r sedan f\u00f6rsta heatet med reservlaget skulle k\u00f6ras \u00f6ppnade sig himlen precis n\u00e4r vi stod i waiting zone. Som tur var kom jag under ett dep\u00e5t\u00e4lt och klarade mig fr\u00e5n det v\u00e4rsta bl\u00f6ta. Och det avtog lagom till vi skulle starta. Men under heatet s\u00e5 regnade det till och fr\u00e5n. Jag tyckte \u00e4nd\u00e5 att k\u00f6rningen gick riktigt bra. Kl\u00e4derna blev v\u00e4ldigt bl\u00f6ta men glas\u00f6gonen med roll-off fungerade bra s\u00e5 jag kunde k\u00f6ra p\u00e5. Jag t\u00e4nde inte riktigt till s\u00e5 jag k\u00f6rde inte p\u00e5 full kapacitet. Slutade p\u00e5 12:e plats.<\/p>\n<p>Till heat nummer tv\u00e5 med reservlaget s\u00e5 hade v\u00e4dret skriftat igen och solen gassade \u00e5ter igen p\u00e5. H\u00e4rligt. Nu vara banan perfekt fuktig och hade h\u00e5llit bra. Var nog med i mitten p\u00e5 starten och k\u00f6rde p\u00e5 f\u00f6r fullt. K\u00f6rningen st\u00e4mde bra och jag hade roligt. Jag blev v\u00e4ldigt tr\u00f6tt n\u00e4r det var tre varv kvar men k\u00f6rde in p\u00e5 en nionde plats.<\/p>\n<p>Representationslaget vann! Mycket tack vare att vi hade \u00e5tta f\u00f6rare i A-finalerna men ocks\u00e5 att de f\u00f6rarna k\u00f6rde bra! Det som var extra kul var att vi gick upp i total ledning i serien f\u00f6r att Tibro inte kunde plocka s\u00e5 mycket lagpo\u00e4ng denna dag.<\/p>\n","protected":false},"excerpt":{"rendered":"<p>Inte m\u00e5nga dagars vila fram till tredje delt\u00e4vlingen med serielaget. Denna g\u00e5ng i Bor\u00e5s. En bana som jag k\u00f6rt p\u00e5 innan med samband men v\u00e4stg\u00f6tacrossen. F\u00f6r dagen var det j\u00e4ttevarmt och s\u00e5d\u00e4r kvalmigt och n\u00e4stan jobbigt att andas. Jag hade sedan torsdagen fortfarande ganska ont i ryggen. Men ville \u00e4nd\u00e5 k\u00f6ra. P\u00e5 morgonen k\u00e4ndes ryggen &hellip; <a href=\"https:\/\/rr.ahlin.org\/?p=1063\" class=\"more-link\">Read more <span class=\"screen-reader-text\">Serien Bor\u00e5s, 2017-05-28<\/span><\/a><\/p>\n","protected":false},"author":1,"featured_media":0,"comment_status":"open","ping_status":"closed","sticky":false,"template":"","format":"standard","meta":{"footnotes":""},"categories":[19],"tags":[],"class_list":{"0":"post-1063","1":"post","2":"type-post","3":"status-publish","4":"format-standard","6":"category-tavlingar"},"_links":{"self":[{"href":"https:\/\/rr.ahlin.org\/index.php?rest_route=\/wp\/v2\/posts\/1063"}],"collection":[{"href":"https:\/\/rr.ahlin.org\/index.php?rest_route=\/wp\/v2\/posts"}],"about":[{"href":"https:\/\/rr.ahlin.org\/index.php?rest_route=\/wp\/v2\/types\/post"}],"author":[{"embeddable":true,"href":"https:\/\/rr.ahlin.org\/index.php?rest_route=\/wp\/v2\/users\/1"}],"replies":[{"embeddable":true,"href":"https:\/\/rr.ahlin.org\/index.php?rest_route=%2Fwp%2Fv2%2Fcomments&post=1063"}],"version-history":[{"count":0,"href":"https:\/\/rr.ahlin.org\/index.php?rest_route=\/wp\/v2\/posts\/1063\/revisions"}],"wp:attachment":[{"href":"https:\/\/rr.ahlin.org\/index.php?rest_route=%2Fwp%2Fv2%2Fmedia&parent=1063"}],"wp:term":[{"taxonomy":"category","embeddable":true,"href":"https:\/\/rr.ahlin.org\/index.php?rest_route=%2Fwp%2Fv2%2Fcategories&post=1063"},{"taxonomy":"post_tag","embeddable":true,"href":"https:\/\/rr.ahlin.org\/index.php?rest_route=%2Fwp%2Fv2%2Ftags&post=1063"}],"curies":[{"name":"wp","href":"https:\/\/api.w.org\/{rel}","templated":true}]}}