{"id":1070,"date":"2017-06-11T17:31:00","date_gmt":"2017-06-11T15:31:00","guid":{"rendered":"http:\/\/dreamx.blog.se\/?p=1070"},"modified":"2017-06-11T17:31:00","modified_gmt":"2017-06-11T15:31:00","slug":"serien-orebro-2017-06-06","status":"publish","type":"post","link":"https:\/\/rr.ahlin.org\/?p=1070","title":{"rendered":"Serien \u00d6rebro, 2017-06-06"},"content":{"rendered":"<p>P\u00e5 sj\u00e4lvaste nationaldagen \u00e5kte jag upp med Falk\u00f6pings MK till \u00d6rebro f\u00f6r att k\u00f6ra i serien. F\u00f6r dagen s\u00e5g det lite tunt ut med f\u00f6rare s\u00e5 det skulle bli tufft att ta h\u00f6ga po\u00e4ng.<br \/>\nMen vi lyckades i alla fall kvala in sex av \u00e5tta f\u00f6rare i A-final. Tv\u00e5 till fick d\u00e5 k\u00f6ra B-final.<\/p>\n<p>Redan p\u00e5 tr\u00e4ningen s\u00e5 f\u00f6rsvann bakbromsen f\u00f6r mig. N\u00e4r jag kika i pausen s\u00e5 uppt\u00e4ckte jag att bromsslangen l\u00e5g emot avgasr\u00f6ret och plasten hade helt enkelt sm\u00e4lt s\u00f6nder s\u00e5 bromsoljan p\u00f6s ut. Jag fr\u00e5gade runt lite efter om n\u00e5gon kunde ha en i reserv men s\u00e5 var inte fallet. Typiskt. Jag k\u00f6rde s\u00e5ledes tv\u00e5 heat med reservlaget utan bakbroms. Jag slutade sist i f\u00f6rsta heatet efter att jag k\u00f6rde av banan p\u00e5 sista varvet och jag blev n\u00e4st sist i andra heatetn. Vi var dock inte mer \u00e4n 9 startande i f\u00f6rsta heatet och 7 i andra.<\/p>\n<p>Jag kunde l\u00e4mna in hojen och f\u00e5tt bakbromsen lagad p\u00e5 garanti.<\/p>\n","protected":false},"excerpt":{"rendered":"<p>P\u00e5 sj\u00e4lvaste nationaldagen \u00e5kte jag upp med Falk\u00f6pings MK till \u00d6rebro f\u00f6r att k\u00f6ra i serien. F\u00f6r dagen s\u00e5g det lite tunt ut med f\u00f6rare s\u00e5 det skulle bli tufft att ta h\u00f6ga po\u00e4ng. Men vi lyckades i alla fall kvala in sex av \u00e5tta f\u00f6rare i A-final. Tv\u00e5 till fick d\u00e5 k\u00f6ra B-final. Redan &hellip; <a href=\"https:\/\/rr.ahlin.org\/?p=1070\" class=\"more-link\">Read more <span class=\"screen-reader-text\">Serien \u00d6rebro, 2017-06-06<\/span><\/a><\/p>\n","protected":false},"author":1,"featured_media":0,"comment_status":"open","ping_status":"closed","sticky":false,"template":"","format":"standard","meta":{"footnotes":""},"categories":[16],"tags":[],"class_list":{"0":"post-1070","1":"post","2":"type-post","3":"status-publish","4":"format-standard","6":"category-okategoriserade"},"_links":{"self":[{"href":"https:\/\/rr.ahlin.org\/index.php?rest_route=\/wp\/v2\/posts\/1070"}],"collection":[{"href":"https:\/\/rr.ahlin.org\/index.php?rest_route=\/wp\/v2\/posts"}],"about":[{"href":"https:\/\/rr.ahlin.org\/index.php?rest_route=\/wp\/v2\/types\/post"}],"author":[{"embeddable":true,"href":"https:\/\/rr.ahlin.org\/index.php?rest_route=\/wp\/v2\/users\/1"}],"replies":[{"embeddable":true,"href":"https:\/\/rr.ahlin.org\/index.php?rest_route=%2Fwp%2Fv2%2Fcomments&post=1070"}],"version-history":[{"count":0,"href":"https:\/\/rr.ahlin.org\/index.php?rest_route=\/wp\/v2\/posts\/1070\/revisions"}],"wp:attachment":[{"href":"https:\/\/rr.ahlin.org\/index.php?rest_route=%2Fwp%2Fv2%2Fmedia&parent=1070"}],"wp:term":[{"taxonomy":"category","embeddable":true,"href":"https:\/\/rr.ahlin.org\/index.php?rest_route=%2Fwp%2Fv2%2Fcategories&post=1070"},{"taxonomy":"post_tag","embeddable":true,"href":"https:\/\/rr.ahlin.org\/index.php?rest_route=%2Fwp%2Fv2%2Ftags&post=1070"}],"curies":[{"name":"wp","href":"https:\/\/api.w.org\/{rel}","templated":true}]}}