{"id":1072,"date":"2017-06-11T17:42:25","date_gmt":"2017-06-11T15:42:25","guid":{"rendered":"http:\/\/dreamx.blog.se\/?p=1072"},"modified":"2017-06-11T17:42:25","modified_gmt":"2017-06-11T15:42:25","slug":"serien-kil-2017-06-10","status":"publish","type":"post","link":"https:\/\/rr.ahlin.org\/?p=1072","title":{"rendered":"Serien Kil, 2017-06-10"},"content":{"rendered":"<p>Upp i V\u00e4rmland skulle d\u00e5 n\u00e4sta delt\u00e4vling i serien k\u00f6ras. N\u00e4rmare best\u00e4mt i Kil. Jag \u00e5kte upp med husvagnen kv\u00e4llen innan och under natten regnade det s\u00e5 mycket s\u00e5 jag trodde att jag hade st\u00e4llt husvagnen under ett vattenfall. Det d\u00e5nade s\u00e5 mycket mot taket att jag kunde inte sova.<\/p>\n<p>P\u00e5 morgonen var det v\u00e4ldigt bl\u00f6tt och banan var extremt bl\u00f6t. T\u00e4vlingsledningen besl\u00f6t att skjuta p\u00e5 dagens schema med en timma s\u00e5 att de skulle f\u00e5 en chans att f\u00e5 bort vatten och f\u00e5 ordning p\u00e5 banan. Vilket jag tycker de lyckades v\u00e4ldigt bra med.<\/p>\n<p>P\u00e5 tr\u00e4ningen gick jag omkull en g\u00e5ng n\u00e4r jag fick bakhjulssl\u00e4pp och hojen gick p\u00e5 tv\u00e4ren. B\u00e5de jag och hojen klarade oss bra men det var geggigt \u00f6verallt. Jag tyckte att det k\u00e4ndes v\u00e4ldigt slirigt s\u00e5 jag provade att byta k\u00f6rl\u00e4ge p\u00e5 hojen med till TC allts\u00e5 Traction Control. Hade aldrig testat det innan, men jag tyckte det fungerade suver\u00e4nt. K\u00e4ndes mycket stabilare att k\u00f6ra.<\/p>\n<p>Laget lyckades att kvala in sju av \u00e5tta f\u00f6rare till A-final.<br \/>\nJag k\u00f6rde som vanligt i reservserien och blev sjua i f\u00f6rsta heatet. Men \u00e4ven tredje sist eftersom vi bara var tio startande. I andra reservheatet fick jag motorstopp i andra kurvan och var sist. Efter ett halvt varv k\u00f6rde jag omkull. Ut p\u00e5 andra varvet fick jag motorstopp i samma kurva igen och var l\u00e5ngt efter. Men jag lyckades jag ikapp och k\u00f6ra f\u00f6rbi en annan f\u00f6rare i alla fall s\u00e5 jag blev n\u00e4st sist.<\/p>\n","protected":false},"excerpt":{"rendered":"<p>Upp i V\u00e4rmland skulle d\u00e5 n\u00e4sta delt\u00e4vling i serien k\u00f6ras. N\u00e4rmare best\u00e4mt i Kil. Jag \u00e5kte upp med husvagnen kv\u00e4llen innan och under natten regnade det s\u00e5 mycket s\u00e5 jag trodde att jag hade st\u00e4llt husvagnen under ett vattenfall. Det d\u00e5nade s\u00e5 mycket mot taket att jag kunde inte sova. P\u00e5 morgonen var det v\u00e4ldigt &hellip; <a href=\"https:\/\/rr.ahlin.org\/?p=1072\" class=\"more-link\">Read more <span class=\"screen-reader-text\">Serien Kil, 2017-06-10<\/span><\/a><\/p>\n","protected":false},"author":1,"featured_media":0,"comment_status":"open","ping_status":"closed","sticky":false,"template":"","format":"standard","meta":{"footnotes":""},"categories":[16],"tags":[],"class_list":{"0":"post-1072","1":"post","2":"type-post","3":"status-publish","4":"format-standard","6":"category-okategoriserade"},"_links":{"self":[{"href":"https:\/\/rr.ahlin.org\/index.php?rest_route=\/wp\/v2\/posts\/1072"}],"collection":[{"href":"https:\/\/rr.ahlin.org\/index.php?rest_route=\/wp\/v2\/posts"}],"about":[{"href":"https:\/\/rr.ahlin.org\/index.php?rest_route=\/wp\/v2\/types\/post"}],"author":[{"embeddable":true,"href":"https:\/\/rr.ahlin.org\/index.php?rest_route=\/wp\/v2\/users\/1"}],"replies":[{"embeddable":true,"href":"https:\/\/rr.ahlin.org\/index.php?rest_route=%2Fwp%2Fv2%2Fcomments&post=1072"}],"version-history":[{"count":0,"href":"https:\/\/rr.ahlin.org\/index.php?rest_route=\/wp\/v2\/posts\/1072\/revisions"}],"wp:attachment":[{"href":"https:\/\/rr.ahlin.org\/index.php?rest_route=%2Fwp%2Fv2%2Fmedia&parent=1072"}],"wp:term":[{"taxonomy":"category","embeddable":true,"href":"https:\/\/rr.ahlin.org\/index.php?rest_route=%2Fwp%2Fv2%2Fcategories&post=1072"},{"taxonomy":"post_tag","embeddable":true,"href":"https:\/\/rr.ahlin.org\/index.php?rest_route=%2Fwp%2Fv2%2Ftags&post=1072"}],"curies":[{"name":"wp","href":"https:\/\/api.w.org\/{rel}","templated":true}]}}