{"id":1424,"date":"2019-06-13T21:45:37","date_gmt":"2019-06-13T21:45:37","guid":{"rendered":"http:\/\/rr.ahlin.org\/blog\/?p=1424"},"modified":"2019-06-16T21:00:53","modified_gmt":"2019-06-16T21:00:53","slug":"cec-racing-vgc-alvangen-2","status":"publish","type":"post","link":"https:\/\/rr.ahlin.org\/?p=1424","title":{"rendered":"CEC Racing VGC, \u00c4lv\u00e4ngen"},"content":{"rendered":"\n<p>D\u00e5 var det dags f\u00f6r n\u00e4sta race i v\u00e4stg\u00f6tacrossen. Denna dag bar det av upp till Paradisbanan i \u00c4lv\u00e4ngen. Jag s\u00e5g p\u00e5 fredag kv\u00e4ll, kv\u00e4llen innan t\u00e4vlingen att jag blivit uppseedad till grupp 4. N\u00e4st sist p\u00e5 39:e plats men i alla fall grupp 4. Genast b\u00f6rjade tankarna om att kanske lyckas ta sig till A-final. Under natten till l\u00f6rdagen sov jag ingenting. Jag menar verkligen ingenting, inte en sekund. Jag f\u00f6rs\u00f6kte i vanliga s\u00e4ngen, i soffan och i extras\u00e4ngen nere i svala k\u00e4llaren men icke. Det var bara att g\u00e5 och lasta och g\u00f6ra sig redo p\u00e5 l\u00f6rdag morgon. Jag k\u00e4nde att n\u00e4r jag satt i bilen p\u00e5 v\u00e4g upp och v\u00e4l framme n\u00e4r jag gick f\u00f6r att anm\u00e4la mig att jag k\u00e4nde mig inte helt okej. Jag f\u00f6rs\u00f6kte sova 45 min innan f\u00f6rarm\u00f6tet men slumrade bara till. Jag m\u00e5dde lite b\u00e4ttre men huvudet var nog inte riktigt med mig.<\/p>\n\n\n\n<p>Som vanligt, skulle jag vilja s\u00e4ga, s\u00e5 b\u00f6rjade det snart regna. Tror alla t\u00e4vlingar jag k\u00f6rt i \u00c4lv\u00e4ngen s\u00e5 har det regnat. Tr\u00e4ningen var inte j\u00e4ttekul men jag h\u00e4ngde med ganska bra i tiderna. N\u00e4r det var dags f\u00f6r tidskval b\u00f6rjade det regna \u00e4nnu mer och jag drog p\u00e5 mig en regnjacka och f\u00f6rs\u00f6kte k\u00f6ra. Banan b\u00f6rjade bli riktigt d\u00e5lig och jag vet inte om det \u00e4r det jag ska skylla p\u00e5 eller om det var att jag inte hade sovit. Jag satte 30 b\u00e4sta tid i grupp 4 men tyv\u00e4rr var det 15 st i grupp 3 som k\u00f6rde snabbare s\u00e5 jag kom inte till A-final. Det hade varit kul att n\u00e5gon g\u00e5ng komma till A-final i en VGC-tv\u00e4ling ocks\u00e5. Idag hade vart en ypperlig chans med tanke p\u00e5 att det &#8221;bara&#8221; var 145 startande och att jag var seedad i grupp 4. Lite ledsen \u00f6ver det fick jag k\u00f6ra kval om C eller B-final.<\/p>\n\n\n\n<p>Redan efter f\u00f6rsta kurvan lyckades jag med att k\u00f6ra p\u00e5 en annan f\u00f6rare som hade ramlat. IGEN!! Och helt otroligt nog \u00e4ven denna g\u00e5ng var det en kamrat fr\u00e5n hemmaklubben, fick jag veta i efterhand. Men jag k\u00f6rde upp mig fr\u00e5n sist till elfte plats och fick d\u00e4r med en plats i B-finalen.<\/p>\n\n\n\n<p>Till det var dags att k\u00f6ra B-final hade det slutat regna och v\u00e4dret b\u00f6rjade blir ganska bra. Dock var banan inte bra och det var riktigt geggigt och stod en del vatten p\u00e5 n\u00e5got st\u00e4lle. Jag gjorde en d\u00e5lig start i B-finalen. Efter f\u00f6rsta varvet l\u00e5g jag p\u00e5 26:e plats. Men jag k\u00f6rde p\u00e5 och krigade mig upp till att sluta p\u00e5 14:e plats. Vilket \u00e4r ny b\u00e4sta placering i VGC n\u00e5gonsin. Jag f\u00f6rs\u00f6kte vara n\u00f6jd \u00f6ver det men jag var v\u00e4ldigt missn\u00f6jd \u00f6ver dagen i \u00f6vrigt. Tr\u00f6tt och sur. <\/p>\n\n\n\n<p>Tyv\u00e4rr tyckte jag inte att det var v\u00e4rt att f\u00f6rs\u00f6ka filma n\u00e5got med hj\u00e4lmkameran i all gegga. Det f\u00e5r r\u00e4cka med denna bild s\u00e5 f\u00f6rst\u00e5r ni hur det var d\u00e4r ute p\u00e5 banan. <\/p>\n\n\n\n<figure class=\"wp-block-image\"><img decoding=\"async\" src=\"http:\/\/rr.ahlin.org\/blog\/wp-content\/uploads\/2019\/06\/62605461_899079953770736_6720399752560640_n-768x1024.jpg\" alt=\"\" class=\"wp-image-1425\"\/><\/figure>\n","protected":false},"excerpt":{"rendered":"<p>D\u00e5 var det dags f\u00f6r n\u00e4sta race i v\u00e4stg\u00f6tacrossen. Denna dag bar det av upp till Paradisbanan i \u00c4lv\u00e4ngen. Jag s\u00e5g p\u00e5 fredag kv\u00e4ll, kv\u00e4llen innan t\u00e4vlingen att jag blivit uppseedad till grupp 4. N\u00e4st sist p\u00e5 39:e plats men i alla fall grupp 4. Genast b\u00f6rjade tankarna om att kanske lyckas ta sig till &hellip; <a href=\"https:\/\/rr.ahlin.org\/?p=1424\" class=\"more-link\">Read more <span class=\"screen-reader-text\">CEC Racing VGC, \u00c4lv\u00e4ngen<\/span><\/a><\/p>\n","protected":false},"author":1,"featured_media":0,"comment_status":"open","ping_status":"closed","sticky":false,"template":"","format":"standard","meta":{"footnotes":""},"categories":[76,19],"tags":[],"class_list":{"0":"post-1424","1":"post","2":"type-post","3":"status-publish","4":"format-standard","6":"category-cec-racing-vgc-2019","7":"category-tavlingar"},"_links":{"self":[{"href":"https:\/\/rr.ahlin.org\/index.php?rest_route=\/wp\/v2\/posts\/1424"}],"collection":[{"href":"https:\/\/rr.ahlin.org\/index.php?rest_route=\/wp\/v2\/posts"}],"about":[{"href":"https:\/\/rr.ahlin.org\/index.php?rest_route=\/wp\/v2\/types\/post"}],"author":[{"embeddable":true,"href":"https:\/\/rr.ahlin.org\/index.php?rest_route=\/wp\/v2\/users\/1"}],"replies":[{"embeddable":true,"href":"https:\/\/rr.ahlin.org\/index.php?rest_route=%2Fwp%2Fv2%2Fcomments&post=1424"}],"version-history":[{"count":1,"href":"https:\/\/rr.ahlin.org\/index.php?rest_route=\/wp\/v2\/posts\/1424\/revisions"}],"predecessor-version":[{"id":1426,"href":"https:\/\/rr.ahlin.org\/index.php?rest_route=\/wp\/v2\/posts\/1424\/revisions\/1426"}],"wp:attachment":[{"href":"https:\/\/rr.ahlin.org\/index.php?rest_route=%2Fwp%2Fv2%2Fmedia&parent=1424"}],"wp:term":[{"taxonomy":"category","embeddable":true,"href":"https:\/\/rr.ahlin.org\/index.php?rest_route=%2Fwp%2Fv2%2Fcategories&post=1424"},{"taxonomy":"post_tag","embeddable":true,"href":"https:\/\/rr.ahlin.org\/index.php?rest_route=%2Fwp%2Fv2%2Ftags&post=1424"}],"curies":[{"name":"wp","href":"https:\/\/api.w.org\/{rel}","templated":true}]}}