{"id":1433,"date":"2019-07-04T09:55:17","date_gmt":"2019-07-04T09:55:17","guid":{"rendered":"http:\/\/rr.ahlin.org\/blog\/?p=1433"},"modified":"2019-07-04T09:55:18","modified_gmt":"2019-07-04T09:55:18","slug":"cec-racing-vgc-ulricehamn","status":"publish","type":"post","link":"https:\/\/rr.ahlin.org\/?p=1433","title":{"rendered":"CEC Racing VGC, Ulricehamn"},"content":{"rendered":"\n<p>F\u00f6r f\u00f6rsta g\u00e5ngen skulle jag t\u00e4vla p\u00e5 Bogebanan i Ulricehamn. Jag har varit d\u00e4r tidigare och tr\u00e4nat s\u00e5 jag k\u00e4nner till banan lite och tycker det \u00e4r en rolig bana. Speciellt f\u00f6r denna t\u00e4vling \u00e4r att det \u00e4r 200 f\u00f6rare ist\u00e4llet f\u00f6r 160. Det medf\u00f6r att det blir ytterligare en final, en E-final och att det helt enkelt blir tuffare att ta sig till en h\u00f6gre final. De 40 snabbaste fr\u00e5n tidskvalen g\u00e5r till A-final. 41-160 g\u00e5r till tre olika k\u00f6rkval om B\/C\/D-final och de 40 l\u00e5ngsammaste g\u00e5r till E-final.<\/p>\n\n\n\n<p>P\u00e5 v\u00e4g till t\u00e4vlingen s\u00e5 m\u00e4rkte jag s\u00e5 fort jag kom ut p\u00e5 motorv\u00e4gen att min sk\u00e5pbil b\u00f6rjade sjunga. Ett hjullager har g\u00e5tt s\u00f6nder. Men jag tog mig i alla fall b\u00e5de till och hem fr\u00e5n Ulricehamn.<br>Idag skulle jag k\u00f6ra med tr\u00e4ningsgrupp 3. F\u00f6rsta gruppen ut p\u00e5 banan hade det lite lerigt p\u00e5 n\u00e5got parti d\u00e5 bansk\u00f6tarna gjort ett fantastiskt jobb med att fixa banan och vattna och m\u00e4tta sanden med fukt eftersom det var en solig och lite bl\u00e5sig dag misst\u00e4nkte vi att det skulle damma p\u00e5 eftermiddagen. Men det gjorde det inte, s\u00e5 all heder \u00e5t bansk\u00f6tarna som gjorde ett fantastiskt jobb.<br>N\u00e4r det var dags f\u00f6r min tr\u00e4ningsgrupp att ge sig ut var banan helt perfekt. Jag hoppade b\u00e5da uppf\u00f6rstrapporna och hoppade \u00e4ven wavesen under tr\u00e4ningen vilket jag inte gjort tidigare. Jag var seedad som nr 24 och hade 24:e snabbaste tid p\u00e5 tr\u00e4ningen i min grupp med tiden 2:14.320<\/p>\n\n\n\n<p>V\u00e4l dags f\u00f6r tidskval s\u00e5 tyckte jag fortfarande att banan var bra. De gjorde ett fantastiskt arbete med att vattna och h\u00e5lla dammet borta. Men det var varmt och riktigt jobbigt. Jag satte min snabbaste tid p\u00e5 tredje varvet p\u00e5 2:08.845. Detta r\u00e4ckte inte till A-final och det hade jag inte r\u00e4knat med heller. Tror det var ca 5 sekunder kvar upp till en plats i A-final. S\u00e5 det blir k\u00f6rkval om B\/C\/D-final.<\/p>\n\n\n\n<p>Jag hamnade i k\u00f6rkval 3. Eftersom 40 x 3 f\u00f6rare ska delas in i tre finaler blir det s\u00e5 att placering 1-13 kommer till B-final, 14-26 till C-final och resten till D-final. Allts\u00e5 lite tuffare \u00e4n vanligt n\u00e4r det vanligen r\u00e4cker med att vara top 20 f\u00f6r att ta sig till B-final. Jag var med som ca 10-12 n\u00e5gonting ur startkurvan och efter f\u00f6rsta varvet l\u00e5g jag 13:e plats vilket jag inte visste n\u00e4r jag k\u00f6rde men jag k\u00e4nde p\u00e5 mig att det var p\u00e5 h\u00e5ret. Jag blev passerad och t\u00e4nkte att om jag inte tar tillbaka min position kommer jag gr\u00e4ma mig mycket \u00f6ver att missa B-final om det \u00e4r den placeringen det h\u00e4nger p\u00e5. S\u00e5 i sista kurvan innan m\u00e5lg\u00e5ng s\u00e5 lyckades jag k\u00f6ra om. N\u00e4r jag sedan kom in i dep\u00e5n och s\u00e5g att jag blev 13:e s\u00e5 var n\u00f6jd \u00f6ver att jag gjorde anstr\u00e4ngningen att k\u00f6ra om den sista och knipa sista platsen till B-final.<br>H\u00e4r kommer hela k\u00f6rkvalet p\u00e5 film:<\/p>\n\n\n\n<figure class=\"wp-block-embed-youtube wp-block-embed is-type-video is-provider-youtube wp-embed-aspect-16-9 wp-has-aspect-ratio\"><div class=\"wp-block-embed__wrapper\">\n<iframe loading=\"lazy\" title=\"CEC Racing VGC, Ulricehamns MK, K\u00f6rkval 3 - 2019-06-30\" width=\"865\" height=\"487\" src=\"https:\/\/www.youtube.com\/embed\/q3OvlZ3SE9Y?feature=oembed\" frameborder=\"0\" allow=\"accelerometer; autoplay; encrypted-media; gyroscope; picture-in-picture\" allowfullscreen><\/iframe>\n<\/div><\/figure>\n\n\n\n<p>Jag var fullst\u00e4ndigt utmattad efter k\u00f6rkvalet och best\u00e4mde redan innan B-finalen startade att jag skulle ta det lugnt och inte hetsa runt f\u00f6r att f\u00f6rs\u00f6ka h\u00e5lla ett j\u00e4mnt tempo. Tog inte j\u00e4ttebra start och rullade p\u00e5 helt enkelt. Jag slutade p\u00e5 32:a plats i B-finalen av 38 startande. Men k\u00e4nde mig \u00e4nd\u00e5 n\u00f6jd d\u00e5 startf\u00e4ltet idag var tuffare och med fler f\u00f6rare.<br>H\u00e4r kommer film fr\u00e5n B-finalen:<\/p>\n\n\n\n<figure class=\"wp-block-embed-youtube wp-block-embed is-type-video is-provider-youtube wp-embed-aspect-16-9 wp-has-aspect-ratio\"><div class=\"wp-block-embed__wrapper\">\n<iframe loading=\"lazy\" title=\"CEC Racing VGC, Ulricehamns MK, B-final - 2019-06-30\" width=\"865\" height=\"487\" src=\"https:\/\/www.youtube.com\/embed\/YHt7NYYSuoQ?feature=oembed\" frameborder=\"0\" allow=\"accelerometer; autoplay; encrypted-media; gyroscope; picture-in-picture\" allowfullscreen><\/iframe>\n<\/div><\/figure>\n\n\n\n<p>Nu \u00e4r det bara att ladda inf\u00f6r n\u00e4sta helg d\u00e5 det \u00e4r dags f\u00f6r semestercrossen i V\u00e4rnamo och Hallandia utanf\u00f6r Halmstad.<\/p>\n","protected":false},"excerpt":{"rendered":"<p>F\u00f6r f\u00f6rsta g\u00e5ngen skulle jag t\u00e4vla p\u00e5 Bogebanan i Ulricehamn. Jag har varit d\u00e4r tidigare och tr\u00e4nat s\u00e5 jag k\u00e4nner till banan lite och tycker det \u00e4r en rolig bana. Speciellt f\u00f6r denna t\u00e4vling \u00e4r att det \u00e4r 200 f\u00f6rare ist\u00e4llet f\u00f6r 160. Det medf\u00f6r att det blir ytterligare en final, en E-final och att &hellip; <a href=\"https:\/\/rr.ahlin.org\/?p=1433\" class=\"more-link\">Read more <span class=\"screen-reader-text\">CEC Racing VGC, Ulricehamn<\/span><\/a><\/p>\n","protected":false},"author":1,"featured_media":0,"comment_status":"open","ping_status":"closed","sticky":false,"template":"","format":"standard","meta":{"footnotes":""},"categories":[76,19],"tags":[],"class_list":{"0":"post-1433","1":"post","2":"type-post","3":"status-publish","4":"format-standard","6":"category-cec-racing-vgc-2019","7":"category-tavlingar"},"_links":{"self":[{"href":"https:\/\/rr.ahlin.org\/index.php?rest_route=\/wp\/v2\/posts\/1433"}],"collection":[{"href":"https:\/\/rr.ahlin.org\/index.php?rest_route=\/wp\/v2\/posts"}],"about":[{"href":"https:\/\/rr.ahlin.org\/index.php?rest_route=\/wp\/v2\/types\/post"}],"author":[{"embeddable":true,"href":"https:\/\/rr.ahlin.org\/index.php?rest_route=\/wp\/v2\/users\/1"}],"replies":[{"embeddable":true,"href":"https:\/\/rr.ahlin.org\/index.php?rest_route=%2Fwp%2Fv2%2Fcomments&post=1433"}],"version-history":[{"count":1,"href":"https:\/\/rr.ahlin.org\/index.php?rest_route=\/wp\/v2\/posts\/1433\/revisions"}],"predecessor-version":[{"id":1435,"href":"https:\/\/rr.ahlin.org\/index.php?rest_route=\/wp\/v2\/posts\/1433\/revisions\/1435"}],"wp:attachment":[{"href":"https:\/\/rr.ahlin.org\/index.php?rest_route=%2Fwp%2Fv2%2Fmedia&parent=1433"}],"wp:term":[{"taxonomy":"category","embeddable":true,"href":"https:\/\/rr.ahlin.org\/index.php?rest_route=%2Fwp%2Fv2%2Fcategories&post=1433"},{"taxonomy":"post_tag","embeddable":true,"href":"https:\/\/rr.ahlin.org\/index.php?rest_route=%2Fwp%2Fv2%2Ftags&post=1433"}],"curies":[{"name":"wp","href":"https:\/\/api.w.org\/{rel}","templated":true}]}}