{"id":1437,"date":"2019-07-16T21:17:48","date_gmt":"2019-07-16T21:17:48","guid":{"rendered":"http:\/\/rr.ahlin.org\/blog\/?p=1437"},"modified":"2019-07-17T07:58:33","modified_gmt":"2019-07-17T07:58:33","slug":"semestercrossen-delt-1","status":"publish","type":"post","link":"https:\/\/rr.ahlin.org\/?p=1437","title":{"rendered":"Semestercrossen delt. 1"},"content":{"rendered":"\n<p>\u00c4ntligen har jag lite tid att s\u00e4tta mig och skriva ett par ord fr\u00e5n semestercrossen. \u00c4nda sedan jag gick p\u00e5 semester 1\/7 s\u00e5 har det vart fullt fokus p\u00e5 att f\u00f6rs\u00f6ka hinna bygga en altan h\u00e4r hemma. N\u00e5gon skulle vist firas att man blivit 40 \u00e5r.<\/p>\n\n\n\n<p>P\u00e5 fredagen den 5\/7 s\u00e5 fick jag h\u00e4mtat min sk\u00e5pbil p\u00e5 verkstaden. Efter att fr\u00e4mre v\u00e4nstra hjullager givit upp hade jag tur att hitta en bilverkstad som gjorde ett lagerbyte. Runt 16-tiden hade vi packa bil och husvagn och hela familjen \u00e5kte till dep\u00e5n i V\u00e4rnamo. P\u00e5 plats grillade vi lite och myste i husvagnen. Jag sov ganska okej under natten men var lite seg p\u00e5 l\u00f6rdag morgon. Jag var ganska taggad och banan s\u00e5g fin ut. Skulle f\u00f6r dagen k\u00f6ra med grupp 3 igen. Seedan p\u00e5 26:e plats har jag f\u00f6r mig. <\/p>\n\n\n\n<p>Tr\u00e4ningen gick fint och det k\u00e4ndes som jag hade bra flyt i min k\u00f6rning. Dock visade tiderna att jag inte var s\u00e5 snabb, hade 29:e tid, s\u00e5 jag skulle vara tvungen att gasa \u00e4nnu mer p\u00e5 tidskvalet f\u00f6r att vara n\u00f6jd. Det regnade lite till och fr\u00e5n under dagen men klarade mig hyfsat bra under tr\u00e4ning och tidskval. <\/p>\n\n\n\n<p>P\u00e5 tidskvalet f\u00f6rb\u00e4ttrade jag min b\u00e4sta varvtid med fem sekunder och satte en tid p\u00e5 02:20.760 vilket var 21:e snabbaste tid i min grupp. K\u00e4ndes helt okej d\u00e5 jag nu var snabbare \u00e4n min seedning samt att det var 7 sekunder snabbare \u00e4n min tidigare personb\u00e4sta tid.<\/p>\n\n\n\n<p>Detta ledde i alla fall till att jag skulle k\u00f6ra k\u00f6rkval 1 om B\/C-final. Top 20 g\u00e5r till B-final och jag k\u00f6rde in p\u00e5 en s\u00e4ker 12:e plats efter att jag gjorde en hyfsat bra start.<br>Film fr\u00e5n K\u00f6rkvalet:<\/p>\n\n\n\n<figure class=\"wp-block-embed-youtube wp-block-embed is-type-video is-provider-youtube wp-embed-aspect-4-3 wp-has-aspect-ratio\"><div class=\"wp-block-embed__wrapper\">\n<iframe loading=\"lazy\" title=\"CEC Racing VGC, SMK V\u00e4rnamo, K\u00f6rkval 1 - 2019-07-06\" width=\"865\" height=\"649\" src=\"https:\/\/www.youtube.com\/embed\/WCBnjMh8lrk?feature=oembed\" frameborder=\"0\" allow=\"accelerometer; autoplay; encrypted-media; gyroscope; picture-in-picture\" allowfullscreen><\/iframe>\n<\/div><\/figure>\n\n\n\n<p>N\u00e4r det var dags f\u00f6r mig att k\u00f6ra B-final s\u00e5 hade regnet tilltagit en del och jag valde att inte ens s\u00e4tta p\u00e5 n\u00e5gon hj\u00e4lmkamera. Och tur var det det. Under finalen s\u00e5 kom det en rej\u00e4l regnskur och det blev superbl\u00f6tt p\u00e5 banan och vatten \u00f6verallt. Jag gjorde ocks\u00e5 en bra start i finalen och slutade till slut p\u00e5 13:e plats. Vilket \u00e4r ny b\u00e4sta placering n\u00e5gonsin f\u00f6r mig i VGC. Allts\u00e5 53:a totalt.<\/p>\n","protected":false},"excerpt":{"rendered":"<p>\u00c4ntligen har jag lite tid att s\u00e4tta mig och skriva ett par ord fr\u00e5n semestercrossen. \u00c4nda sedan jag gick p\u00e5 semester 1\/7 s\u00e5 har det vart fullt fokus p\u00e5 att f\u00f6rs\u00f6ka hinna bygga en altan h\u00e4r hemma. N\u00e5gon skulle vist firas att man blivit 40 \u00e5r. P\u00e5 fredagen den 5\/7 s\u00e5 fick jag h\u00e4mtat min &hellip; <a href=\"https:\/\/rr.ahlin.org\/?p=1437\" class=\"more-link\">Read more <span class=\"screen-reader-text\">Semestercrossen delt. 1<\/span><\/a><\/p>\n","protected":false},"author":1,"featured_media":0,"comment_status":"open","ping_status":"closed","sticky":false,"template":"","format":"standard","meta":{"footnotes":""},"categories":[76,19],"tags":[22,74,69,85,84,65],"class_list":{"0":"post-1437","1":"post","2":"type-post","3":"status-publish","4":"format-standard","6":"category-cec-racing-vgc-2019","7":"category-tavlingar","8":"tag-cec-racing-vgc","9":"tag-gopro-hero-5-black","10":"tag-robstar-racing","11":"tag-semestercrossen","12":"tag-semestercrossen-1-2019","13":"tag-smk-varnamo"},"_links":{"self":[{"href":"https:\/\/rr.ahlin.org\/index.php?rest_route=\/wp\/v2\/posts\/1437"}],"collection":[{"href":"https:\/\/rr.ahlin.org\/index.php?rest_route=\/wp\/v2\/posts"}],"about":[{"href":"https:\/\/rr.ahlin.org\/index.php?rest_route=\/wp\/v2\/types\/post"}],"author":[{"embeddable":true,"href":"https:\/\/rr.ahlin.org\/index.php?rest_route=\/wp\/v2\/users\/1"}],"replies":[{"embeddable":true,"href":"https:\/\/rr.ahlin.org\/index.php?rest_route=%2Fwp%2Fv2%2Fcomments&post=1437"}],"version-history":[{"count":3,"href":"https:\/\/rr.ahlin.org\/index.php?rest_route=\/wp\/v2\/posts\/1437\/revisions"}],"predecessor-version":[{"id":1446,"href":"https:\/\/rr.ahlin.org\/index.php?rest_route=\/wp\/v2\/posts\/1437\/revisions\/1446"}],"wp:attachment":[{"href":"https:\/\/rr.ahlin.org\/index.php?rest_route=%2Fwp%2Fv2%2Fmedia&parent=1437"}],"wp:term":[{"taxonomy":"category","embeddable":true,"href":"https:\/\/rr.ahlin.org\/index.php?rest_route=%2Fwp%2Fv2%2Fcategories&post=1437"},{"taxonomy":"post_tag","embeddable":true,"href":"https:\/\/rr.ahlin.org\/index.php?rest_route=%2Fwp%2Fv2%2Ftags&post=1437"}],"curies":[{"name":"wp","href":"https:\/\/api.w.org\/{rel}","templated":true}]}}