{"id":766,"date":"2015-02-05T20:03:34","date_gmt":"2015-02-05T19:03:34","guid":{"rendered":"http:\/\/dreamx.blog.se\/?p=766"},"modified":"2015-02-05T20:03:34","modified_gmt":"2015-02-05T19:03:34","slug":"nyheter-i-garderoben","status":"publish","type":"post","link":"https:\/\/rr.ahlin.org\/?p=766","title":{"rendered":"Nyheter i garderoben"},"content":{"rendered":"<p>N\u00e4r det snart nu \u00e4r dags f\u00f6r n\u00e4sta delt\u00e4vling i vintercupen s\u00e5 t\u00e4nkte jag att f\u00f6r en g\u00e5ngs skull g\u00f6ra mig ett par &#8221;sn\u00f6endurost\u00f6vlar&#8221;. Jag hade sparat mina gamla st\u00f6vlar fr\u00e5n f\u00f6rra \u00e5ret som jag hade t\u00e4nkt anv\u00e4nda och bygga sn\u00f6sulor p\u00e5. Fick fram dem och dammade av dem, men de var s\u00e5 torra och n\u00f6tta s\u00e5 jag ville inte anv\u00e4nda dem. Skit ocks\u00e5 t\u00e4nkte jag. Jaja, f\u00e5r v\u00e4l vara utan sn\u00f6st\u00f6vlar d\u00e5. T\u00e4nkte jag tar mina nuvarande och tv\u00e4ttar av dem lite i alla fall.<br \/>\nD\u00e5! Till min stora fasa uppt\u00e4cker jag att klacken p\u00e5 den ena st\u00f6veln g\u00e5tt s\u00f6nder. Mitt under s\u00e5 var hela klacken intryckt och det satt en kubikcentimeter stor sten intyckt. J\u00e4kla skit! Paniken sprider sig och jag k\u00e4nner n\u00e4stan att t\u00e5rarna kommer. De h\u00e4r st\u00f6vlarna som var s\u00e5 bra och inte \u00e4r s\u00e5 mycket slitna \u00e4nnu.<br \/>\nJahapp, bara att bygga sn\u00f6sula p\u00e5 dessa ist\u00e4llet d\u00e5. Sagt och gjort. I med massa varmlim i klacken f\u00f6r att fylla ut h\u00e5let och sedan p\u00e5 med lite &#8221;truckplast&#8221; under skon. Efter lite skruv, v\u00e5ldsammheter med h\u00e4ftpistol och en stav varmlim senare blev det h\u00e4r resultatet:<br \/>\n<a href=\"http:\/\/rr.ahlin.org\/blog\/wp-content\/uploads\/2015\/02\/skoer.jpg\"><img loading=\"lazy\" decoding=\"async\" class=\"alignnone size-medium wp-image-767\" src=\"http:\/\/rr.ahlin.org\/blog\/wp-content\/uploads\/2015\/02\/skoer-300x284.jpg\" alt=\"skoer\" width=\"300\" height=\"284\" \/><\/a><\/p>\n<p>Sedan fick jag fara iv\u00e4g och k\u00f6pa nya ocks\u00e5 d\u00e5. Jag vill ju ha ett par standardst\u00f6vlar ocks\u00e5. Till Stombergs och hittade mig ett par nya Alpinestars Tech 7 st\u00f6vlar. Samt kl\u00e4der och glas\u00f6gon ocks\u00e5. Det g\u00e5r ju alltid fylla p\u00e5 i crossgarderoben med nya kl\u00e4der.<br \/>\n<a href=\"http:\/\/rr.ahlin.org\/blog\/wp-content\/uploads\/2015\/02\/20150205_174013.jpg\"><img loading=\"lazy\" decoding=\"async\" class=\"alignnone size-medium wp-image-768\" src=\"http:\/\/rr.ahlin.org\/blog\/wp-content\/uploads\/2015\/02\/20150205_174013-300x300.jpg\" alt=\"20150205_174013\" width=\"300\" height=\"300\" \/><\/a><br \/>\nD\u00e5ligt med ljus och mobilkameran \u00e4r v\u00e4l inte den b\u00e4sta men ni ser ju hur det ser ut i alla fall.<\/p>\n","protected":false},"excerpt":{"rendered":"<p>N\u00e4r det snart nu \u00e4r dags f\u00f6r n\u00e4sta delt\u00e4vling i vintercupen s\u00e5 t\u00e4nkte jag att f\u00f6r en g\u00e5ngs skull g\u00f6ra mig ett par &#8221;sn\u00f6endurost\u00f6vlar&#8221;. Jag hade sparat mina gamla st\u00f6vlar fr\u00e5n f\u00f6rra \u00e5ret som jag hade t\u00e4nkt anv\u00e4nda och bygga sn\u00f6sulor p\u00e5. Fick fram dem och dammade av dem, men de var s\u00e5 torra och &hellip; <a href=\"https:\/\/rr.ahlin.org\/?p=766\" class=\"more-link\">Read more <span class=\"screen-reader-text\">Nyheter i garderoben<\/span><\/a><\/p>\n","protected":false},"author":1,"featured_media":0,"comment_status":"open","ping_status":"closed","sticky":false,"template":"","format":"standard","meta":{"footnotes":""},"categories":[16],"tags":[],"class_list":{"0":"post-766","1":"post","2":"type-post","3":"status-publish","4":"format-standard","6":"category-okategoriserade"},"_links":{"self":[{"href":"https:\/\/rr.ahlin.org\/index.php?rest_route=\/wp\/v2\/posts\/766"}],"collection":[{"href":"https:\/\/rr.ahlin.org\/index.php?rest_route=\/wp\/v2\/posts"}],"about":[{"href":"https:\/\/rr.ahlin.org\/index.php?rest_route=\/wp\/v2\/types\/post"}],"author":[{"embeddable":true,"href":"https:\/\/rr.ahlin.org\/index.php?rest_route=\/wp\/v2\/users\/1"}],"replies":[{"embeddable":true,"href":"https:\/\/rr.ahlin.org\/index.php?rest_route=%2Fwp%2Fv2%2Fcomments&post=766"}],"version-history":[{"count":0,"href":"https:\/\/rr.ahlin.org\/index.php?rest_route=\/wp\/v2\/posts\/766\/revisions"}],"wp:attachment":[{"href":"https:\/\/rr.ahlin.org\/index.php?rest_route=%2Fwp%2Fv2%2Fmedia&parent=766"}],"wp:term":[{"taxonomy":"category","embeddable":true,"href":"https:\/\/rr.ahlin.org\/index.php?rest_route=%2Fwp%2Fv2%2Fcategories&post=766"},{"taxonomy":"post_tag","embeddable":true,"href":"https:\/\/rr.ahlin.org\/index.php?rest_route=%2Fwp%2Fv2%2Ftags&post=766"}],"curies":[{"name":"wp","href":"https:\/\/api.w.org\/{rel}","templated":true}]}}