{"id":829,"date":"2015-04-27T22:12:25","date_gmt":"2015-04-27T20:12:25","guid":{"rendered":"http:\/\/dreamx.blog.se\/?p=829"},"modified":"2015-04-27T22:12:25","modified_gmt":"2015-04-27T20:12:25","slug":"tolvtimmars-2015","status":"publish","type":"post","link":"https:\/\/rr.ahlin.org\/?p=829","title":{"rendered":"Tolvtimmars 2015"},"content":{"rendered":"<p>Var ett tag sedan jag skrev h\u00e4r nu men det har inte h\u00e4nt s\u00e5 mycket mer \u00e4n massa tr\u00e4ning fram till i helgen som var.<br \/>\nTolvtimmars i Sk\u00f6vde gick av stapeln och Falk\u00f6pings MK hade lyckats skrapa ihop ett lag med mig och sju till. Vi var allts\u00e5 8 halvsl\u00f6a men glada motion\u00e4rer. Med allt ifr\u00e5n n\u00e5gon som b\u00f6rjat k\u00f6ra i vinter och n\u00e5gon cross\u00e5kare som knappt sett ett endurosp\u00e5r, till n\u00e5gon som i alla fall hade ett par \u00e5rs erfarenhet av 12-timmars.\u00a0 Jag hade anm\u00e4lt mig till nattstr\u00e4cka d\u00e5 jag fixat ny lampa p\u00e5 hojen och byggt i ordning b\u00e4ttre lampor p\u00e5 hj\u00e4lmen.<\/p>\n<p>Kl 22.00 gick starten och Pelle gav sig iv\u00e4g i lite duggregn. Hyfsat i mitten s\u00e5g det ut som. Eftersom startvarvet \u00e4r lite kortare \u00e4n ett ordinarie varv fick han s\u00e5ledes k\u00f6ra ett varv till innan Thomas gav sig ut. Lagom till han kom iv\u00e4g slutade det regna och det verkade som om det lilla regnet hade gjort mer nytta \u00e4n skada f\u00f6r nu dammade det inte l\u00e4ngre. Sedan var det dags f\u00f6r Pelle att g\u00f6ra \u00e4nnu ett varv och oturligt nog b\u00f6rjade det regna lagom till han gav sig ut igen. Nu regnade det desto mer och det blev riktigt halt ute p\u00e5 gr\u00e4sg\u00e4rdena. Sedan var det dags f\u00f6r ytterligare ett varv av Thomas innan jag skulle k\u00f6ra. Lagom till jag skulle g\u00e5 och st\u00e4lla upp hojen i bytesf\u00e5llan slutade det regna.<\/p>\n<p>Ut p\u00e5 mitt f\u00f6rsta varv och jag b\u00f6rjade med lite strul med ljuset. Fick inte ig\u00e5ng det direkt och blev lite stressad och gjorde ett motorstopp innan jag ens kommit ur &#8221;f\u00e5llan&#8221; man k\u00f6r igenom f\u00f6r varvning och byte av f\u00f6rare. Men sedan gick det bra. Fick lite pump i underarmarna och blev lite stel och fick ta det lite lugnt. Mitt p\u00e5 str\u00e4ckan ungef\u00e4r kom jag ikapp en annan f\u00f6rare och r\u00e4tt som det var stannade han bredvid tre andra och de fyra blockade sp\u00e5ret s\u00e5 jag kom inte f\u00f6rbi. Fick st\u00e5 v\u00e4nta gissningsvis 30-60 sekunder innan den ene kom f\u00f6r sig att flytta p\u00e5 sig s\u00e5 jag kunde \u00e5ka f\u00f6rbi, fattade inte vad de h\u00f6ll p\u00e5 med. Tror kanske att de var klubbkompisar eller n\u00e5got och stannade f\u00f6r att hj\u00e4lpa den ene eller n\u00e5got. Men sedan gick k\u00f6rningen bra resten av varvet. K\u00f6rde f\u00f6rbi n\u00e5gra och blev omk\u00f6rt av en eller tv\u00e5. N\u00e4r mitt f\u00f6rsta varv var klart fick Johan ta \u00f6ver innan jag skulle k\u00f6ra mitt andra. Medans jag v\u00e4ntade p\u00e5 att han skulle komma tillbaka b\u00f6rjade lagledare Andreas att r\u00e4kna p\u00e5 tider och kom fram till att jag och Johan fick nog k\u00f6ra tre varv var innan det blev ljust nog f\u00f6r dag\u00e5karna att ta vid.<\/p>\n<p>Ut p\u00e5 mitt andra varv och jag fick ett h\u00e4rligt flyt ganska tidigt och fick upp bra fart och det blev riktigt roligt. K\u00f6rde f\u00f6rbi m\u00e5nga och kom t.o.m. upp p\u00e5 tredje v\u00e4xeln i de lite kr\u00e5ngligare partierna i skogen och kunde st\u00e5 upp h\u00e5lla fart och flyt \u00f6ver r\u00f6tter och runt tr\u00e4d. Riktigt h\u00e4rligt och det k\u00e4ndes kanonbra. K\u00f6rde runt varvet tv\u00e5 minuter snabbare \u00e4n f\u00f6rsta varvet. Johan tog \u00f6ver igen och jag gjorde mig i ordning f\u00f6r mitt tredje varv. Fick h\u00f6ra fr\u00e5n lagledaren att vi l\u00e5g nu p\u00e5 22:a plats utav 59 klubblag och det \u00e4r riktigt bra utav oss. Strax innan jag skulle starta kom det lite regn igen.<\/p>\n<p>Jag gav mig allts\u00e5 ut p\u00e5 ett tredje varv i lite duggregn men det slutade efter ett par minuter och jag kunde st\u00e5 p\u00e5 s\u00e5 gott jag kunde. Nu hade jag s\u00e5 mycket ljuse jag kunde ha p\u00e5 (sparade p\u00e5 batterierna de tv\u00e5 f\u00f6rsta varven) och tyckte jag fick upp ett bra tempo men n\u00e4sta tv\u00e5 timmars k\u00f6rning tog ut sin r\u00e4tt och jag blev riktigt tr\u00f6tt i armarna och k\u00e4nde att jag orkade inte riktigt h\u00e5lla farten hela tiden. Men jag gjorde \u00e4nd\u00e5 ungef\u00e4r samma tid p\u00e5 mitt tredje varv som p\u00e5 mitt andra. Johan tog \u00f6ver igen och nu hade gryning b\u00f6rjat ta fart p\u00e5 riktigt och det var n\u00e4stan ljust ute men fortfarande m\u00f6rkt i skogen. Klockan b\u00f6rjade n\u00e4rma sig 05:00 och jag b\u00f6rjade bli riktigt tr\u00f6tt nu n\u00e4r dag-\u00e5karna b\u00f6rjade komma p\u00e5 plats. Jag bytte om och gick f\u00f6r att sova lite. Sov ca 1h innan jag gick upp igen f\u00f6r att se hur det gick f\u00f6r oss. Tobbe och Andreas som b\u00f6rjat hade k\u00f6rt bra och vi l\u00e5g p\u00e5 21:e plats bland klubblagen.<\/p>\n<p>Den enda fad\u00e4s som egentligen h\u00e4nde var n\u00e4r sekretariatet lurade oss att f\u00f6rare 45 hade brutit och vi fick skicka ut en ny f\u00f6rare med reservtransponder. Dock var det lag 45 som hade problem s\u00e5 vi skicka ut en f\u00f6rare i on\u00f6dan och fick s\u00e5ledes skicka iv\u00e4g n\u00e4sta f\u00f6rare med lite stress n\u00e4r det blev v\u00e4xling. Gjorde v\u00e4l ingen st\u00f6rre skillnad p\u00e5 tid mer \u00e4n att det var synd om Andreas som var j\u00e4tten\u00f6jd med att ha gjort ett bra varv som inte r\u00e4knades nu. Men annars rullade allt p\u00e5 utan problem och det gjorde v\u00e4l att vi under morgonen ocks\u00e5 kl\u00e4ttrade ytterligare en placering in p\u00e5 20:e plats och det \u00e4r en bra bedrift utav oss d\u00e5 vi knappt r\u00e4knat med att ens n\u00e5 en mittenplacering runt 30:e plats. N\u00e4r sista f\u00f6raren Bengtsson gick i m\u00e5l tog han ytterligare en placering i totallistan, d\u00e4r vi slutade p\u00e5 31:a plats av totalt 122 startande. Riktigt, riktigt, riktigt bra gjort utav oss.<\/p>\n<p>Stor eloge till alla i laget, b\u00e5de f\u00f6rare och lagledare. \u00c4ven alla supporters med pannlampor och mycket uppmuntrande. Alltid roligt att s\u00e5 m\u00e5nga \u00e4r s\u00e5 intresserade och vill komma och titta och heja p\u00e5.<\/p>\n","protected":false},"excerpt":{"rendered":"<p>Var ett tag sedan jag skrev h\u00e4r nu men det har inte h\u00e4nt s\u00e5 mycket mer \u00e4n massa tr\u00e4ning fram till i helgen som var. Tolvtimmars i Sk\u00f6vde gick av stapeln och Falk\u00f6pings MK hade lyckats skrapa ihop ett lag med mig och sju till. Vi var allts\u00e5 8 halvsl\u00f6a men glada motion\u00e4rer. Med allt &hellip; <a href=\"https:\/\/rr.ahlin.org\/?p=829\" class=\"more-link\">Read more <span class=\"screen-reader-text\">Tolvtimmars 2015<\/span><\/a><\/p>\n","protected":false},"author":1,"featured_media":0,"comment_status":"open","ping_status":"closed","sticky":false,"template":"","format":"standard","meta":{"footnotes":""},"categories":[19],"tags":[],"class_list":{"0":"post-829","1":"post","2":"type-post","3":"status-publish","4":"format-standard","6":"category-tavlingar"},"_links":{"self":[{"href":"https:\/\/rr.ahlin.org\/index.php?rest_route=\/wp\/v2\/posts\/829"}],"collection":[{"href":"https:\/\/rr.ahlin.org\/index.php?rest_route=\/wp\/v2\/posts"}],"about":[{"href":"https:\/\/rr.ahlin.org\/index.php?rest_route=\/wp\/v2\/types\/post"}],"author":[{"embeddable":true,"href":"https:\/\/rr.ahlin.org\/index.php?rest_route=\/wp\/v2\/users\/1"}],"replies":[{"embeddable":true,"href":"https:\/\/rr.ahlin.org\/index.php?rest_route=%2Fwp%2Fv2%2Fcomments&post=829"}],"version-history":[{"count":0,"href":"https:\/\/rr.ahlin.org\/index.php?rest_route=\/wp\/v2\/posts\/829\/revisions"}],"wp:attachment":[{"href":"https:\/\/rr.ahlin.org\/index.php?rest_route=%2Fwp%2Fv2%2Fmedia&parent=829"}],"wp:term":[{"taxonomy":"category","embeddable":true,"href":"https:\/\/rr.ahlin.org\/index.php?rest_route=%2Fwp%2Fv2%2Fcategories&post=829"},{"taxonomy":"post_tag","embeddable":true,"href":"https:\/\/rr.ahlin.org\/index.php?rest_route=%2Fwp%2Fv2%2Ftags&post=829"}],"curies":[{"name":"wp","href":"https:\/\/api.w.org\/{rel}","templated":true}]}}