{"id":845,"date":"2015-05-15T20:08:36","date_gmt":"2015-05-15T18:08:36","guid":{"rendered":"http:\/\/dreamx.blog.se\/?p=845"},"modified":"2015-05-15T20:08:36","modified_gmt":"2015-05-15T18:08:36","slug":"serien-falkopings-mk-falkoping-2015-05-14","status":"publish","type":"post","link":"https:\/\/rr.ahlin.org\/?p=845","title":{"rendered":"Serien Falk\u00f6pings MK, Falk\u00f6ping 2015-05-14"},"content":{"rendered":"<p>D\u00e5 var min f\u00f6rsta seriet\u00e4vling med Falk\u00f6pings MK avklarad. Kortfattat var det v\u00e4ldigt kul trots \u00f6m tumme och s\u00e4msta placering.<\/p>\n<p>Dagen b\u00f6rjade med str\u00e5lande solsken fr\u00e5n klarbl\u00e5 himmel. Lite kallt i vinden men det k\u00e4ndes inte p\u00e5 oss som k\u00f6rde. D\u00e4remot flaggvakter kunde frysa en del. Dagen b\u00f6rjade egentligen f\u00f6rst 09:30 f\u00f6r oss f\u00f6rare d\u00e5 f\u00f6rarm\u00f6tet h\u00f6lls. Sedan var det dags f\u00f6r grupp 1 tr\u00e4ning med de tillt\u00e4nkta A-f\u00f6rarna. Jag fick s\u00e5ledes v\u00e4nta lite med min f\u00f6rsta tr\u00e4ning d\u00e5 grupp 2 k\u00f6rde ut med resterande. Under tr\u00e4ningen uppt\u00e4ckte jag att min stukade tumme gjorde j\u00e4tteont. Hade inte tejpat den f\u00f6r jag trodde det skulle g\u00e5 bra \u00e4nd\u00e5. Men jag fick k\u00f6ra lugnt och fint under tr\u00e4ningen.<\/p>\n<p>Sedan valdes 8 f\u00f6rare ut fr\u00e5n varje klubb f\u00f6r kval. Fyra i kval 1 och fyra i kval tv\u00e5. Det handlar allts\u00e5 om att lyckas hamna top 15 f\u00f6r s\u00e5 m\u00e5nga som m\u00f6jligt f\u00f6r att kunna plocka mer po\u00e4ng i A-Final. Falk\u00f6pings lyckades f\u00e5 in samtliga f\u00f6rare till A-Final.<\/p>\n<p>Sedan var det dags f\u00f6r reserver heat 1, d\u00e4r jag och elva till k\u00f6rde. Japp du l\u00e4ste r\u00e4tt vi var tolv reserver i FMK. N\u00e5got lag hade inte ens en reserv.<br \/>\nJag kom iv\u00e4g ganska d\u00e5ligt fr\u00e5n startgrinden och k\u00e4nde att jag kom efter ganska snart. Efter halva tiden ungef\u00e4r blev jag omk\u00f6rd av en Kristinehamns-f\u00f6rare som jag var hyfsat j\u00e4mnsnabb med och vi k\u00f6rde om varandra ett par g\u00e5nger men jag kom tyv\u00e4rr inte f\u00f6rbi det sista innan m\u00e5lg\u00e5ng, men det var rolig fight. Tyv\u00e4rr tog fighten ut sin r\u00e4tt p\u00e5 min tumme och jag hade j\u00e4tteont i slutet av heatet, trots v\u00e4l tejpad och tv\u00e5 lager voltaren gel innan. Slutade p\u00e5 19:e plats av 23 startande i reservheat 1. Sist utav FMK:are men det hade jag ju n\u00e4stan r\u00e4knat med. Jag \u00e4r ju fortfarande nyb\u00f6rjare p\u00e5 banan k\u00e4nns det som.<\/p>\n<p>I A-finalen gick det v\u00e4l r\u00e4tt s\u00e5 hyfsat f\u00f6r Falk\u00f6pings MK. Jonathan &#8221;Jutte&#8221; von Knorring var v\u00e5r b\u00e4ste f\u00f6rare p\u00e5 en 3:e plats. Och \u00f6vriga f\u00f6rare fr\u00e5n Falk\u00f6ping p\u00e5 plats, 6, 8, 11, 13, 15 och 29. Och tyv\u00e4rr en som kraschade redan p\u00e5 startrakan och inte kunde forts\u00e4tta annat \u00e4n i ambulans. Tror inte det var s\u00e5 farligt med de skulle \u00e4nd\u00e5 r\u00f6ntga f\u00f6r det var tydligen nacken som hade som hade f\u00e5tt en sm\u00e4ll.<\/p>\n<p>Ingen Falk\u00f6pings-f\u00f6rare i B-final s\u00e5 inget att skriva om den.<\/p>\n<p>Reservheat tv\u00e5 d\u00e5 och dags f\u00f6r mig att starta. Denna g\u00e5ng var vi 19 st som st\u00e4llde upp p\u00e5 grinden. Jag kom iv\u00e4g hyfsat bra och tror jag l\u00e5g ganska i mitten i b\u00f6rjan p\u00e5 f\u00f6rsta varvet men k\u00e4nde direkt att tummen inte skulle orka s\u00e5 l\u00e4nge. Jag f\u00f6rs\u00f6kte ist\u00e4llet hitta ett h\u00f6gt j\u00e4mnt tempo och alternativa sp\u00e5r som var lite sl\u00e4tare f\u00f6r att underl\u00e4tta f\u00f6r min k\u00f6rning. L\u00e5g l\u00e4nge p\u00e5 12, 13 plats n\u00e5gonstans innan jag gick omkull p\u00e5 sista varvet. Bar mig s\u00e5 l\u00f6jligt \u00e5t och slog i tummen igen. Var tr\u00f6tt och hade problem att resa hojen n\u00e4r tummen sm\u00e4rtade. N\u00e5gra f\u00f6rare smet f\u00f6rbi mig men jag lyckade k\u00f6ra f\u00f6rbi en innan m\u00e5lg\u00e5ng. Blev en 17:e placering d\u00e4r.<\/p>\n<p>A-final 2 k\u00f6rdes och \u00e4n en g\u00e5ng lyckades Jutte vara b\u00e4sta f\u00f6rare fr\u00e5n FMK p\u00e5 en tredje plats. Resten fr\u00e5n Falk\u00f6ping hamnade p\u00e5 plats 9, 12, 14, 15, 19, 21 och 29. Tyv\u00e4rr lite strul och n\u00e5gon Falk\u00f6pings-f\u00f6rare gick omkull och vi tappade po\u00e4ng.<\/p>\n<p>Falk\u00f6pings MK kom \u00e4nd\u00e5 p\u00e5 andra plats efter Kils MK som hade bra f\u00f6rarpo\u00e4ng.<br \/>\nEn kort intervju med Jutte finns att se p\u00e5 Falk\u00f6pings Tidnings hemsida h\u00e4r:<br \/>\n<a title=\"Falk\u00f6pings Tidning\" href=\"http:\/\/www.falkopingstidning.se\/artikel\/329787\/tv-fmk-tvaa-i-seriepremiaren\" target=\"_blank\">http:\/\/www.falkopingstidning.se\/artikel\/329787\/tv-fmk-tvaa-i-seriepremiaren<br \/>\n<\/a>Och lite bilder finns att se:<br \/>\n<a title=\"Falk\u00f6pings Tidning\" href=\"http:\/\/www.falkopingstidning.se\/artikel\/329754\/bildspel-fran-crosspremiaren#bildspel\" target=\"_blank\">http:\/\/www.falkopingstidning.se\/artikel\/329754\/bildspel-fran-crosspremiaren#bildspel<\/a><br \/>\nSamt h\u00e4r:<br \/>\n<a title=\"Falk\u00f6pings MK Facebook\" href=\"https:\/\/www.facebook.com\/falkopingsmk\/posts\/808865459166929\" target=\"_blank\">https:\/\/www.facebook.com\/falkopingsmk\/posts\/808865459166929<\/a><\/p>\n<p>&nbsp;<\/p>\n","protected":false},"excerpt":{"rendered":"<p>D\u00e5 var min f\u00f6rsta seriet\u00e4vling med Falk\u00f6pings MK avklarad. Kortfattat var det v\u00e4ldigt kul trots \u00f6m tumme och s\u00e4msta placering. Dagen b\u00f6rjade med str\u00e5lande solsken fr\u00e5n klarbl\u00e5 himmel. Lite kallt i vinden men det k\u00e4ndes inte p\u00e5 oss som k\u00f6rde. D\u00e4remot flaggvakter kunde frysa en del. Dagen b\u00f6rjade egentligen f\u00f6rst 09:30 f\u00f6r oss f\u00f6rare d\u00e5 &hellip; <a href=\"https:\/\/rr.ahlin.org\/?p=845\" class=\"more-link\">Read more <span class=\"screen-reader-text\">Serien Falk\u00f6pings MK, Falk\u00f6ping 2015-05-14<\/span><\/a><\/p>\n","protected":false},"author":1,"featured_media":0,"comment_status":"open","ping_status":"closed","sticky":false,"template":"","format":"standard","meta":{"footnotes":""},"categories":[19],"tags":[],"class_list":{"0":"post-845","1":"post","2":"type-post","3":"status-publish","4":"format-standard","6":"category-tavlingar"},"_links":{"self":[{"href":"https:\/\/rr.ahlin.org\/index.php?rest_route=\/wp\/v2\/posts\/845"}],"collection":[{"href":"https:\/\/rr.ahlin.org\/index.php?rest_route=\/wp\/v2\/posts"}],"about":[{"href":"https:\/\/rr.ahlin.org\/index.php?rest_route=\/wp\/v2\/types\/post"}],"author":[{"embeddable":true,"href":"https:\/\/rr.ahlin.org\/index.php?rest_route=\/wp\/v2\/users\/1"}],"replies":[{"embeddable":true,"href":"https:\/\/rr.ahlin.org\/index.php?rest_route=%2Fwp%2Fv2%2Fcomments&post=845"}],"version-history":[{"count":0,"href":"https:\/\/rr.ahlin.org\/index.php?rest_route=\/wp\/v2\/posts\/845\/revisions"}],"wp:attachment":[{"href":"https:\/\/rr.ahlin.org\/index.php?rest_route=%2Fwp%2Fv2%2Fmedia&parent=845"}],"wp:term":[{"taxonomy":"category","embeddable":true,"href":"https:\/\/rr.ahlin.org\/index.php?rest_route=%2Fwp%2Fv2%2Fcategories&post=845"},{"taxonomy":"post_tag","embeddable":true,"href":"https:\/\/rr.ahlin.org\/index.php?rest_route=%2Fwp%2Fv2%2Ftags&post=845"}],"curies":[{"name":"wp","href":"https:\/\/api.w.org\/{rel}","templated":true}]}}