{"id":849,"date":"2015-05-23T21:22:22","date_gmt":"2015-05-23T19:22:22","guid":{"rendered":"http:\/\/dreamx.blog.se\/?p=849"},"modified":"2015-05-23T21:22:22","modified_gmt":"2015-05-23T19:22:22","slug":"vastgotacrossen-donkelo-2015-05-23","status":"publish","type":"post","link":"https:\/\/rr.ahlin.org\/?p=849","title":{"rendered":"V\u00e4stg\u00f6tacrossen Donkelo, 2015-05-23"},"content":{"rendered":"<p>Idag har jag vart och pl\u00f6jt i Donkelo. N\u00e4rmare best\u00e4mt St\u00f6pen strax norr om Sk\u00f6vde.<br \/>\nAndra delt\u00e4vlingen f\u00f6r mig i \u00e5r i VGC-serien. Jag ville ju ha lite revansch fr\u00e5n i fjol d\u00e5 jag st\u00f6p i backen under E-finalen och skadade axeln.<\/p>\n<p>Jag var ute med tr\u00e4ningsgrupp 2 idag som jag gissar \u00e4r f\u00f6ljden av att jag tog mig upp i c-final i Stenungsund. S\u00e5 lite uppseedning d\u00e4r.<br \/>\nUnder f\u00f6rsta tr\u00e4ningsheatet var det riktigt, riktigt s\u00f6ligt. N\u00e4stan s\u00e5 pass att det var farligt. Det blev riktigt halt och riktigt mycket sp\u00e5r och djupa sp\u00e5r. Var m\u00e5nga som gick omkull och det var gulflagg lite h\u00e4r och var. Jag tog det lugnt och bara str\u00f6gade igenom de 15 mintrarna tr\u00e4ningen p\u00e5gick. Dels f\u00f6r att spara min tumme som fortfarande g\u00f6r ont och dels f\u00f6r att ta det f\u00f6rsiktigt rent allm\u00e4nt. \u00c4r ju dumt att k\u00f6ra omkull redan p\u00e5 tr\u00e4ning och f\u00f6rst\u00f6ra sig f\u00f6r dagen. Slog till med n\u00e4st l\u00e5ngsammaste tid. Men det spelar ju ingen roll p\u00e5 tr\u00e4ning.<\/p>\n<p>Inf\u00f6r tidskvalet satte jag p\u00e5 ett annat bakhjul f\u00f6r det f\u00f6rsta d\u00e4cket var lite v\u00e4l slitet f\u00f6r denna gegga. Banpersonalen sl\u00e4ngde sig ut i tv\u00e5 traktorer f\u00f6r att snabbt f\u00f6rs\u00f6ka fixa till det v\u00e4rsta. Det gjorde faktiskt en hel del. Den v\u00e4rsta sandv\u00e4llingen var borta och nu blev det lite mer fastare \u00e4ven om de fortfarande blev v\u00e4ldigt sp\u00e5rigt p\u00e5 sina st\u00e4llen. F\u00f6rsta halvan under tidskvalet var det gulflagg p\u00e5 en del av banan s\u00e5 det var sv\u00e5rt att s\u00e4tta en snabb tid. N\u00e4r flaggan v\u00e4l var borta s\u00e5 t\u00e4nkte jag f\u00f6rs\u00f6ka ta ett snabbt varv. Men det var nog fler som t\u00e4nkte s\u00e5 f\u00f6r strax blev jag prejad och h\u00f6ll p\u00e5 att ramla men klarade mig men f\u00f6rlorade mycket tid. T\u00e4nkte att jag skulle f\u00f6rs\u00f6ka k\u00f6ra fort n\u00e4stkommande varv men vid detta laget hade krampen i underarmarna smugit sig p\u00e5 och det var sv\u00e5rt att f\u00e5 till ett bra varv. Gjorde ingen bra tid och var lite missn\u00f6jd men det \u00e4r ju \u00e4nd\u00e5 i k\u00f6rkvalet det g\u00e4ller.<\/p>\n<p>S\u00e5 inf\u00f6r k\u00f6rkvalet s\u00e5 han de arbetats mer p\u00e5 banan och nu var st\u00f6rre delen av banan i ganska bra skick. Jag skulle k\u00f6ra med f\u00f6rsta kvalgruppen. N\u00e4r grinden f\u00f6ll var jag lite sen ut och kom ur f\u00f6rsta sv\u00e4ng n\u00e5gonstans i mitten.<br \/>\nDet som \u00e4r lite speciellt f\u00f6r Donkelo \u00e4r att de har bara 30 platser p\u00e5 grinden vilket g\u00f6r att det blir fem finaler. A, B, C, D och E. Och det blir lite sv\u00e5rare att komma med i C-final. Men mitt m\u00e5l var att inte k\u00f6ra E-final f\u00f6r att komma b\u00e4ttre \u00e4n i fjol.<br \/>\nJag slutade p\u00e5 en 14:e plats. Bara fyra platser fr\u00e5n en C-final. Men en D-final var jag \u00e4nd\u00e5 r\u00e4tt n\u00f6jd med.<\/p>\n<p>D-final, och jag fick v\u00e4lja grindplats som nr 10. Fick en r\u00e4tt bra plats. Grinden tog n\u00e5gon extra sekund p\u00e5 sig att falla och jag h\u00f6ll p\u00e5 att tjuvstarta. Men jag lyckades ist\u00e4llet sl\u00e4ppa kopplingen lagom n\u00e4r grinden f\u00f6ll och k\u00e4nde att jag var bland de f\u00f6rsta ut. F\u00f6rv\u00e5nad \u00f6ver att jag kom ut tidigt blev jag n\u00e4stan r\u00e4dd och h\u00f6ll inte full gas. Men n\u00e4r jag v\u00e4l fann min i situationen gjorde jag en &#8221;kopplings-accelerering&#8221; och fick ett nytt skutt och k\u00e4nde att jag var bra med. Efter f\u00f6rsta sv\u00e4ng var jag femma ut och fick s\u00e5n j\u00e4kla adrenalinkick av min start att n\u00e4stkommande 3 varv bara fl\u00f6g f\u00f6rbi. Ramlade dock ner lite i placeringar och efter ca 10 minuter hade jag k\u00f6rt s\u00e5 fort och sp\u00e4nde mig att jag fick v\u00e4ldig kramp i underarmarna och fick ta det riktigt lugnt. Tappade ytterligare placeringar och h\u00f6ll n\u00e4san p\u00e5 att inte kunna sv\u00e4nga i en av de sista kurvorna. Jag fick ur mig ett primalvr\u00e5l f\u00f6r att f\u00e5 ut frustrationen av att inte kunna sv\u00e4nga, men kom runt och k\u00f6rde vidare. Jag k\u00f6rde \u00e4nd\u00e5 in i m\u00e5l p\u00e5 en fin 17:e placering med en v\u00e4ldigt \u00f6m och sm\u00e4rtsamt pulserande tumme.<\/p>\n<p>Mycket n\u00f6jd med dagen \u00e4nd\u00e5 och framf\u00f6r allt n\u00f6jd med min start. Kunde ju blivit ett holeshot (d.v.s. f\u00f6rst genom f\u00f6rsta startkurvan) om jag bara fattat vad som h\u00e4nde. Stort grattis till Tobbe och J.Thorn som k\u00f6rde bra i finalen. De kom f\u00f6rbi mig och jag orkade inte jaga efter d\u00e5 jag fullst\u00e4ndigt t\u00f6mde all min kraft p\u00e5 de f\u00f6rsta varven f\u00f6r att f\u00f6rs\u00f6ka h\u00e4nga med i t\u00e4ten.<\/p>\n","protected":false},"excerpt":{"rendered":"<p>Idag har jag vart och pl\u00f6jt i Donkelo. N\u00e4rmare best\u00e4mt St\u00f6pen strax norr om Sk\u00f6vde. Andra delt\u00e4vlingen f\u00f6r mig i \u00e5r i VGC-serien. Jag ville ju ha lite revansch fr\u00e5n i fjol d\u00e5 jag st\u00f6p i backen under E-finalen och skadade axeln. Jag var ute med tr\u00e4ningsgrupp 2 idag som jag gissar \u00e4r f\u00f6ljden av &hellip; <a href=\"https:\/\/rr.ahlin.org\/?p=849\" class=\"more-link\">Read more <span class=\"screen-reader-text\">V\u00e4stg\u00f6tacrossen Donkelo, 2015-05-23<\/span><\/a><\/p>\n","protected":false},"author":1,"featured_media":0,"comment_status":"open","ping_status":"closed","sticky":false,"template":"","format":"standard","meta":{"footnotes":""},"categories":[19],"tags":[],"class_list":{"0":"post-849","1":"post","2":"type-post","3":"status-publish","4":"format-standard","6":"category-tavlingar"},"_links":{"self":[{"href":"https:\/\/rr.ahlin.org\/index.php?rest_route=\/wp\/v2\/posts\/849"}],"collection":[{"href":"https:\/\/rr.ahlin.org\/index.php?rest_route=\/wp\/v2\/posts"}],"about":[{"href":"https:\/\/rr.ahlin.org\/index.php?rest_route=\/wp\/v2\/types\/post"}],"author":[{"embeddable":true,"href":"https:\/\/rr.ahlin.org\/index.php?rest_route=\/wp\/v2\/users\/1"}],"replies":[{"embeddable":true,"href":"https:\/\/rr.ahlin.org\/index.php?rest_route=%2Fwp%2Fv2%2Fcomments&post=849"}],"version-history":[{"count":0,"href":"https:\/\/rr.ahlin.org\/index.php?rest_route=\/wp\/v2\/posts\/849\/revisions"}],"wp:attachment":[{"href":"https:\/\/rr.ahlin.org\/index.php?rest_route=%2Fwp%2Fv2%2Fmedia&parent=849"}],"wp:term":[{"taxonomy":"category","embeddable":true,"href":"https:\/\/rr.ahlin.org\/index.php?rest_route=%2Fwp%2Fv2%2Fcategories&post=849"},{"taxonomy":"post_tag","embeddable":true,"href":"https:\/\/rr.ahlin.org\/index.php?rest_route=%2Fwp%2Fv2%2Ftags&post=849"}],"curies":[{"name":"wp","href":"https:\/\/api.w.org\/{rel}","templated":true}]}}