{"id":900,"date":"2015-07-13T17:52:05","date_gmt":"2015-07-13T15:52:05","guid":{"rendered":"http:\/\/dreamx.blog.se\/?p=900"},"modified":"2015-07-13T17:52:05","modified_gmt":"2015-07-13T15:52:05","slug":"stombergs-vgc-varberg-2015-07-11-semestercrossen-dag-1","status":"publish","type":"post","link":"https:\/\/rr.ahlin.org\/?p=900","title":{"rendered":"Stombergs VGC, Varberg 2015-07-11 (Semestercrossen dag 1)"},"content":{"rendered":"<p>D\u00e5 har jag k\u00f6rt ytterligare t\u00e4vlingar i Stombergs V\u00e4stg\u00f6tacrossen, d\u00e4r en helg \u00e4r tilldelad tv\u00e5 t\u00e4vlingar f\u00f6r den s\u00e5 kallade semestercrossen.<br \/>\nJag b\u00f6rjade i Varberg p\u00e5 l\u00f6rdagen. \u00c5kte visserligen ner redan p\u00e5 fredag kv\u00e4ll och sl\u00f6t upp med n\u00e5gra kompisar. B\u00f6rjar bli ett bra g\u00e4ng som h\u00e5ller ihop nu. Lag Beskaskinn kallar de sig. Roliga killar de d\u00e4r. Vi gjorde trackwalk tillsammans och banan s\u00e5g riktigt fin ut.<\/p>\n<p>Ut med f\u00f6rsta tr\u00e4ningsgruppen kl 09:00 p\u00e5 l\u00f6rdag morgon och efter tr\u00e4ningen var jag helt lyrisk. Banan var j\u00e4tterolig och jag l\u00e4rde mig banan n\u00e4stan direkt. Gjorde trettonde snabbaste tid men det byter egentligen ingenting p\u00e5 tr\u00e4ningen. Det var sedan dags f\u00f6r tidskval och h\u00e4r g\u00e4ller det att s\u00e4tta ett s\u00e5 snabbt varv som m\u00f6jligt. Jag gjorde nu elfte snabbaste tid och det k\u00e4nde jag mig v\u00e4ldigt n\u00f6jd med. D\u00e5 vet man att b\u00f6r vara ganska snabb f\u00f6r att kvala in till C-final senare<\/p>\n<p>S\u00e5 var det d\u00e5 dags f\u00f6r k\u00f6rkval f\u00f6r C eller D-final. Efter en r\u00e4tt s\u00e5 medioker start k\u00f6rde jag in p\u00e5 en femtonde plats och s\u00e4krade d\u00e4rmed en plats i C-finalen. Detta var n\u00e5got som mina polare inte lyckades med och jag skulle allts\u00e5 vara ensam i C-final, n\u00e4r kompisarna k\u00f6rde D-final.<\/p>\n<p>I finalen fick jag tyv\u00e4rr motorstopp precis n\u00e4r jag hoppade ur grinden. Jag vet inte hur jag gjorde f\u00f6r det h\u00e4nde inte f\u00f6rr\u00e4n jag var \u00f6ver grinden. Men jag fick ganska snabbt ig\u00e5ng hojen igen, tack vare elstarten, och lite flyt hade jag med att det var m\u00e5nga som k\u00f6rt fast i f\u00f6rsta kurvan s\u00e5 jag kunde runda ett par stycken d\u00e4r. Jag k\u00e4nde mig stark, trots v\u00e4rmen, och kunde b\u00f6rja plocka placeringar, och k\u00f6rde in p\u00e5 sjuttonde plats. Endast en halv hoj-l\u00e4ngd fr\u00e5n sextonde plats vilket var sj\u00e4lva VGC-generalen sj\u00e4lv. Hade vart kul och tagit honom precis innan m\u00e5llinjen men det f\u00e5 bli en annan g\u00e5ng.<\/p>\n<p>Dagen hade bjussat p\u00e5 klarbl\u00e5 himmel och en v\u00e4rmande sol s\u00e5 de flesta var v\u00e4ldigt tr\u00f6tta och slitna. K\u00e4nde mig \u00e4nd\u00e5 hyfsat fr\u00e4sch inf\u00f6r n\u00e4sta dag. Jag var trots den d\u00e5liga starten i finalen v\u00e4ldigt n\u00f6jde med dagen.<\/p>\n","protected":false},"excerpt":{"rendered":"<p>D\u00e5 har jag k\u00f6rt ytterligare t\u00e4vlingar i Stombergs V\u00e4stg\u00f6tacrossen, d\u00e4r en helg \u00e4r tilldelad tv\u00e5 t\u00e4vlingar f\u00f6r den s\u00e5 kallade semestercrossen. Jag b\u00f6rjade i Varberg p\u00e5 l\u00f6rdagen. \u00c5kte visserligen ner redan p\u00e5 fredag kv\u00e4ll och sl\u00f6t upp med n\u00e5gra kompisar. B\u00f6rjar bli ett bra g\u00e4ng som h\u00e5ller ihop nu. Lag Beskaskinn kallar de sig. Roliga &hellip; <a href=\"https:\/\/rr.ahlin.org\/?p=900\" class=\"more-link\">Read more <span class=\"screen-reader-text\">Stombergs VGC, Varberg 2015-07-11 (Semestercrossen dag 1)<\/span><\/a><\/p>\n","protected":false},"author":1,"featured_media":0,"comment_status":"open","ping_status":"closed","sticky":false,"template":"","format":"standard","meta":{"footnotes":""},"categories":[19],"tags":[],"class_list":{"0":"post-900","1":"post","2":"type-post","3":"status-publish","4":"format-standard","6":"category-tavlingar"},"_links":{"self":[{"href":"https:\/\/rr.ahlin.org\/index.php?rest_route=\/wp\/v2\/posts\/900"}],"collection":[{"href":"https:\/\/rr.ahlin.org\/index.php?rest_route=\/wp\/v2\/posts"}],"about":[{"href":"https:\/\/rr.ahlin.org\/index.php?rest_route=\/wp\/v2\/types\/post"}],"author":[{"embeddable":true,"href":"https:\/\/rr.ahlin.org\/index.php?rest_route=\/wp\/v2\/users\/1"}],"replies":[{"embeddable":true,"href":"https:\/\/rr.ahlin.org\/index.php?rest_route=%2Fwp%2Fv2%2Fcomments&post=900"}],"version-history":[{"count":0,"href":"https:\/\/rr.ahlin.org\/index.php?rest_route=\/wp\/v2\/posts\/900\/revisions"}],"wp:attachment":[{"href":"https:\/\/rr.ahlin.org\/index.php?rest_route=%2Fwp%2Fv2%2Fmedia&parent=900"}],"wp:term":[{"taxonomy":"category","embeddable":true,"href":"https:\/\/rr.ahlin.org\/index.php?rest_route=%2Fwp%2Fv2%2Fcategories&post=900"},{"taxonomy":"post_tag","embeddable":true,"href":"https:\/\/rr.ahlin.org\/index.php?rest_route=%2Fwp%2Fv2%2Ftags&post=900"}],"curies":[{"name":"wp","href":"https:\/\/api.w.org\/{rel}","templated":true}]}}