{"id":903,"date":"2015-07-13T18:07:59","date_gmt":"2015-07-13T16:07:59","guid":{"rendered":"http:\/\/dreamx.blog.se\/?p=903"},"modified":"2015-07-13T18:07:59","modified_gmt":"2015-07-13T16:07:59","slug":"stombergs-vgc-alvangen-2015-07-12-semestercrossen-dag-2","status":"publish","type":"post","link":"https:\/\/rr.ahlin.org\/?p=903","title":{"rendered":"Stombergs VGC, \u00c4lv\u00e4ngen 2015-07-12 (Semestercrossen dag 2)"},"content":{"rendered":"<p>\u00c5kte fr\u00e5n Annebergbanan i Varberg till \u00c4lv\u00e4ngen p\u00e5 l\u00f6rdag kv\u00e4ll och slog l\u00e4ger. Gjorde som brukligt en trackwalk med polarna och banan s\u00e5g riktigt fin ut. Paradisbanan heter den ju! Hehe.<br \/>\nSkulle k\u00f6ra med f\u00f6rsta tr\u00e4ningsgruppen denna dag ocks\u00e5 b\u00f6rjade kl 09.00 och k\u00e4nde att jag fick ett bra flyt direkt. Till skillnad mot f\u00f6reg\u00e5ende \u00e5r d\u00e5 jag n\u00e4stan avskydde denna bana. Nu fick jag en helt annan k\u00e4nsla f\u00f6r den och det visade sig ocks\u00e5 p\u00e5 tr\u00e4ningstiderna d\u00e5 jag gjorde femte snabbaste tr\u00e4ningstid i min grupp. Var lite chockad \u00f6ver det men \u00e5ter igen betyder ju inte det s\u00e5 mycket under tr\u00e4ningen.<\/p>\n<p>Nu till tidskvalet och jag k\u00e4nde att det fl\u00f6t p\u00e5 lika fint som under tr\u00e4ningen. Fastnade bakom en f\u00f6rare och kunde inte g\u00f6ra n\u00e5got bra varv tidigt. Men det varv jag \u00e4ntligen kom f\u00f6rbi honom slog jag till med n\u00e4st snabbaste tid av alla i min grupp. Var helt chockad \u00f6ver detta och blev ett tag lite oroligt \u00f6ver att jag t.o.m. skulle bli uppklassad till kval f\u00f6r A\/B-final. S\u00e5 snabb \u00e4r jag ju inte. Men det fattades bara fem sekunder till A\/B-kval. Vilket var tur, men \u00e4nd\u00e5 kul att jag k\u00f6rde s\u00e5pass bra.<\/p>\n<p>K\u00f6rkval f\u00f6r C eller D blev det och jag gjorde \u00e5ter igen en ganska medioker start men k\u00f6rde upp mig till nionde plats. Vilket jag var riktigt n\u00f6jd med. Och det blev ju d\u00e5 klart att jag skulle k\u00f6ra C-final d\u00e5 de 20 b\u00e4sta av 40 startande k\u00f6r i C. Denna g\u00e5ng fick jag med mig en polare till C-finalen och vi hetsade varandra lite innan.<\/p>\n<p>I finalen gjorde jag bort mig igen. Var med ganska hyfsat ur grinden i starten men bromsade motorstopp i f\u00f6rsta kurvan. Innan jag f\u00f6rstod det och f\u00e5tt ig\u00e5ng hojen igen var jag absolut sist. N\u00e4r jag efter ett halvt varv b\u00f6rjat k\u00f6ra f\u00f6rbi n\u00e5gra gjorde jag det igen. Bromsade motorstopp en g\u00e5ng till. H\u00e4nder ju aldrig att jag g\u00f6r det p\u00e5 crossbanan annars. Jag jagade p\u00e5 och k\u00f6rde till slut in p\u00e5 25 plats. \u00c5ter igen en halv hoj-l\u00e4ngd ifr\u00e5n n\u00e4sta placering. Lite besviken \u00f6ver placeringen men \u00e4nd\u00e5 n\u00f6jd med min prestation och var mer \u00e4n n\u00f6jd med hur jag hade k\u00f6rt under resten av dagen. Fick med mig en go k\u00e4nsla om att jag kan k\u00f6ra snabbare och lite \u00f6kad sj\u00e4lvf\u00f6rtroende.<\/p>\n","protected":false},"excerpt":{"rendered":"<p>\u00c5kte fr\u00e5n Annebergbanan i Varberg till \u00c4lv\u00e4ngen p\u00e5 l\u00f6rdag kv\u00e4ll och slog l\u00e4ger. Gjorde som brukligt en trackwalk med polarna och banan s\u00e5g riktigt fin ut. Paradisbanan heter den ju! Hehe. Skulle k\u00f6ra med f\u00f6rsta tr\u00e4ningsgruppen denna dag ocks\u00e5 b\u00f6rjade kl 09.00 och k\u00e4nde att jag fick ett bra flyt direkt. Till skillnad mot f\u00f6reg\u00e5ende &hellip; <a href=\"https:\/\/rr.ahlin.org\/?p=903\" class=\"more-link\">Read more <span class=\"screen-reader-text\">Stombergs VGC, \u00c4lv\u00e4ngen 2015-07-12 (Semestercrossen dag 2)<\/span><\/a><\/p>\n","protected":false},"author":1,"featured_media":0,"comment_status":"open","ping_status":"closed","sticky":false,"template":"","format":"standard","meta":{"footnotes":""},"categories":[19],"tags":[],"class_list":{"0":"post-903","1":"post","2":"type-post","3":"status-publish","4":"format-standard","6":"category-tavlingar"},"_links":{"self":[{"href":"https:\/\/rr.ahlin.org\/index.php?rest_route=\/wp\/v2\/posts\/903"}],"collection":[{"href":"https:\/\/rr.ahlin.org\/index.php?rest_route=\/wp\/v2\/posts"}],"about":[{"href":"https:\/\/rr.ahlin.org\/index.php?rest_route=\/wp\/v2\/types\/post"}],"author":[{"embeddable":true,"href":"https:\/\/rr.ahlin.org\/index.php?rest_route=\/wp\/v2\/users\/1"}],"replies":[{"embeddable":true,"href":"https:\/\/rr.ahlin.org\/index.php?rest_route=%2Fwp%2Fv2%2Fcomments&post=903"}],"version-history":[{"count":0,"href":"https:\/\/rr.ahlin.org\/index.php?rest_route=\/wp\/v2\/posts\/903\/revisions"}],"wp:attachment":[{"href":"https:\/\/rr.ahlin.org\/index.php?rest_route=%2Fwp%2Fv2%2Fmedia&parent=903"}],"wp:term":[{"taxonomy":"category","embeddable":true,"href":"https:\/\/rr.ahlin.org\/index.php?rest_route=%2Fwp%2Fv2%2Fcategories&post=903"},{"taxonomy":"post_tag","embeddable":true,"href":"https:\/\/rr.ahlin.org\/index.php?rest_route=%2Fwp%2Fv2%2Ftags&post=903"}],"curies":[{"name":"wp","href":"https:\/\/api.w.org\/{rel}","templated":true}]}}