{"id":907,"date":"2015-07-14T20:10:43","date_gmt":"2015-07-14T18:10:43","guid":{"rendered":"http:\/\/dreamx.blog.se\/?p=907"},"modified":"2015-07-14T20:10:43","modified_gmt":"2015-07-14T18:10:43","slug":"funderingar-om-anvandandet-av-hjalmkamera","status":"publish","type":"post","link":"https:\/\/rr.ahlin.org\/?p=907","title":{"rendered":"Funderingar om anv\u00e4ndandet av hj\u00e4lmkamera"},"content":{"rendered":"<p>Under semestercrossen\/Stombergs VGC i Varberg fick vi h\u00f6ra p\u00e5 f\u00f6rarm\u00f6tet fr\u00e5n t\u00e4vlingsledaren att det var f\u00f6rbjudet att anv\u00e4nda hj\u00e4lmkamera. D\u00e5 flera f\u00f6rare blev lite f\u00f6rv\u00e5nade \u00f6ver beskedet och ingen verkade f\u00e5 ett bra svar till varf\u00f6r. T\u00e4vlingsledaren sa bara att det finns ett beslut p\u00e5 detta.<\/p>\n<p>Jag b\u00f6rjade fundera \u00f6ver vad det \u00e4r f\u00f6r beslut. Med Google som b\u00e4sta vapen satte jag ig\u00e5ng och s\u00f6kte. Hittade ingenting. S\u00f6kte igenom Svemos regler och en massa m\u00f6tesprotokoll d\u00e4r diskussion om hj\u00e4lmkamera varit framme. S\u00f6kte \u00e4ven igenom FIMs hemsida och f\u00f6rs\u00f6kte l\u00e4sa regler men antingen s\u00e5 st\u00e5r det ingenting eller s\u00e5 \u00e4r det luddigt formulerat.<\/p>\n<p>P\u00e5 Svemos hemsida hittade jag i alla fall <span style=\"text-decoration: underline;color: #3366ff\"><a style=\"color: #3366ff;text-decoration: underline\" href=\"http:\/\/www.svemo.se\/imagevaultfiles\/id_8637\/cf_44\/nt.pdf\" target=\"_blank\">Nationellt T\u00e4vlingsreglemente (NT) f\u00f6r 2015<\/a><\/span>. D\u00e4r finns regel 8.1.1. som s\u00e4ger:<br \/>\n<span style=\"color: #d4a1a1\">&#8221;\u00c4ndring i utf\u00f6rande<\/span><br \/>\n<span style=\"color: #d4a1a1\"> Hj\u00e4lm f\u00e5r inte i n\u00e5got avseende \u00e4ndras eller modifieras, dock f\u00e5r komplettering med sk\u00e4rm och hakskydd g\u00f6ras. Fasta p\u00e5byggnader p\u00e5 hj\u00e4lmen f\u00e4sta med skruv eller lim \u00e4r inte till\u00e5tet. Eventuella hj\u00e4lmkameror o dyl. skall f\u00e4stas p\u00e5 s\u00e5 s\u00e4tt att de lossnar vid eventuell olycka. Det \u00e4r till\u00e5tet att montera kamera p\u00e5 hj\u00e4lmen med originalf\u00e4ste och medf\u00f6ljande dubbelh\u00e4ftande tape, i de t\u00e4vlingsgrenar d\u00e4r hj\u00e4mkamera inte \u00e4r f\u00f6rbjuden.&#8221;<\/span><\/p>\n<p>Men det jag tyckte var lite luddig \u00e4r att det framkommer inte vilka t\u00e4vlingsgrenar som hj\u00e4lmkamera \u00e4r f\u00f6rbjudet.<br \/>\nEfter lite mer s\u00f6kande hittade jag ett protokoll fr\u00e5n ett m\u00f6te d\u00e4r en H\u00e5kan Olsson varit p\u00e5 n\u00e5got m\u00f6te med FIM och fr\u00e5gan diskuterades.<\/p>\n<p>Jag gjorde s\u00e5 att jag helt enkelt skickade ett e-mail till denna H\u00e5kan p\u00e5 Svemo. Idag fick jag bra svar p\u00e5 min fr\u00e5gor. Mina fr\u00e5gor i r\u00f6tt och H\u00e5kans svar i kursivt.<\/p>\n<p><span style=\"color: #d10000\">1.) \u00c4r hj\u00e4lmkamera f\u00f6rbjudet att anv\u00e4nda monterat p\u00e5 hj\u00e4lm i motocross p\u00e5 motionsniv\u00e5 och\/eller under k\u00f6rning i klubbserier? (L\u00e4ste n\u00e5got luddigt om att det var f\u00f6rbjudet i SM men fick anv\u00e4ndas med tillst\u00e5nd i SM)<\/span><br \/>\n<em>-Hj\u00e4lmkamera \u00e4r inte f\u00f6rbjudet att anv\u00e4nda f\u00f6rutom i SM d\u00e4r Svemo \u00e4ger r\u00e4ttigheterna till all publicering. Svemo kan g\u00f6ra undantag och l\u00e5ta n\u00e5gra utvalda anv\u00e4nda kamera i SM.<\/em><\/p>\n<p><span style=\"color: #d10000\">2.) F\u00e5r hj\u00e4lmkamera anv\u00e4ndas monterat p\u00e5 hj\u00e4lm under tr\u00e4ning?<\/span><br \/>\n<em>-Ja det \u00e4r okej.<\/em><\/p>\n<p><span style=\"color: #d10000\">3.) Kan individuella f\u00f6reningar sj\u00e4lva besluta om f\u00f6rbud mot anv\u00e4ndandet hj\u00e4lmkamera monterat p\u00e5 hj\u00e4lmen om det inte finns ett nationellt f\u00f6rbud?<\/span><br \/>\n<em>-Ja men d\u00e5 m\u00e5ste det st\u00e5 i till\u00e4ggsreglerna som ska godk\u00e4nnas av Supervisor om s\u00e5dan \u00e4r utsedd.<\/em><\/p>\n<p><span style=\"color: #d10000\">4.) Vet du ocks\u00e5 vad som g\u00e4ller med hj\u00e4lmkamera monterat p\u00e5 hj\u00e4lm under t\u00e4vling och tr\u00e4ning i enduro?<\/span><br \/>\n<em>-Nej jag har inte koll p\u00e5 Enduro regler.<\/em><\/p>\n<p>S\u00e5 nu vet vi hur det ligger till!<br \/>\nF\u00f6r att vara extra nyfiken hittade jag ocks\u00e5 till\u00e4ggsreglerna fr\u00e5n t\u00e4vlingsdagen i Varberg d\u00e4r det inte st\u00e5r n\u00e5gon om f\u00f6rbud mot hj\u00e4lmkamera s\u00e5 jag undrar vad det \u00e4r f\u00f6r beslut de har hittat.<\/p>\n<p>Jag l\u00e4ste \u00e4ven igenom Specialreglementet f\u00f6r Enduro och hittar inte ens ordet hj\u00e4lmkamera skrivet n\u00e5gonstans. Det n\u00e4rmsta jag hittar \u00e4r att det st\u00e5r: <span style=\"color: #d4a1a1\">&#8221;<span class=\"_5yl5\"><span><span>Skyddshj\u00e4lm enligt NT 8.1 och bilaga E i NT.<\/span><\/span><\/span>&#8221;<\/span><\/p>\n<p>S\u00e5 jag k\u00f6r helt enkelt vidare med hj\u00e4lmkamera s\u00e5 att ni kan f\u00f6lja mig p\u00e5 mina \u00e4ventyr!<\/p>\n","protected":false},"excerpt":{"rendered":"<p>Under semestercrossen\/Stombergs VGC i Varberg fick vi h\u00f6ra p\u00e5 f\u00f6rarm\u00f6tet fr\u00e5n t\u00e4vlingsledaren att det var f\u00f6rbjudet att anv\u00e4nda hj\u00e4lmkamera. D\u00e5 flera f\u00f6rare blev lite f\u00f6rv\u00e5nade \u00f6ver beskedet och ingen verkade f\u00e5 ett bra svar till varf\u00f6r. T\u00e4vlingsledaren sa bara att det finns ett beslut p\u00e5 detta. Jag b\u00f6rjade fundera \u00f6ver vad det \u00e4r f\u00f6r beslut. &hellip; <a href=\"https:\/\/rr.ahlin.org\/?p=907\" class=\"more-link\">Read more <span class=\"screen-reader-text\">Funderingar om anv\u00e4ndandet av hj\u00e4lmkamera<\/span><\/a><\/p>\n","protected":false},"author":1,"featured_media":0,"comment_status":"open","ping_status":"closed","sticky":false,"template":"","format":"standard","meta":{"footnotes":""},"categories":[18],"tags":[],"class_list":{"0":"post-907","1":"post","2":"type-post","3":"status-publish","4":"format-standard","6":"category-regler"},"_links":{"self":[{"href":"https:\/\/rr.ahlin.org\/index.php?rest_route=\/wp\/v2\/posts\/907"}],"collection":[{"href":"https:\/\/rr.ahlin.org\/index.php?rest_route=\/wp\/v2\/posts"}],"about":[{"href":"https:\/\/rr.ahlin.org\/index.php?rest_route=\/wp\/v2\/types\/post"}],"author":[{"embeddable":true,"href":"https:\/\/rr.ahlin.org\/index.php?rest_route=\/wp\/v2\/users\/1"}],"replies":[{"embeddable":true,"href":"https:\/\/rr.ahlin.org\/index.php?rest_route=%2Fwp%2Fv2%2Fcomments&post=907"}],"version-history":[{"count":0,"href":"https:\/\/rr.ahlin.org\/index.php?rest_route=\/wp\/v2\/posts\/907\/revisions"}],"wp:attachment":[{"href":"https:\/\/rr.ahlin.org\/index.php?rest_route=%2Fwp%2Fv2%2Fmedia&parent=907"}],"wp:term":[{"taxonomy":"category","embeddable":true,"href":"https:\/\/rr.ahlin.org\/index.php?rest_route=%2Fwp%2Fv2%2Fcategories&post=907"},{"taxonomy":"post_tag","embeddable":true,"href":"https:\/\/rr.ahlin.org\/index.php?rest_route=%2Fwp%2Fv2%2Ftags&post=907"}],"curies":[{"name":"wp","href":"https:\/\/api.w.org\/{rel}","templated":true}]}}