{"id":935,"date":"2015-08-20T11:03:37","date_gmt":"2015-08-20T09:03:37","guid":{"rendered":"http:\/\/dreamx.blog.se\/?p=935"},"modified":"2015-08-20T11:03:37","modified_gmt":"2015-08-20T09:03:37","slug":"sommarsvangen-2-2015-08-11","status":"publish","type":"post","link":"https:\/\/rr.ahlin.org\/?p=935","title":{"rendered":"Sommarsv\u00e4ngen 2, 2015-08-11"},"content":{"rendered":"<p>Jag h\u00e4nger inte riktigt med sj\u00e4lv och uppdatera allt jag k\u00f6r, men nu ska jag f\u00f6rs\u00f6ka hinna ikapp.<br \/>\nSommarsv\u00e4ngen 2 har k\u00f6rts, f\u00f6r lite \u00f6ver en vecka sedan, i Tibro, vilket skulle visa sig bli en sandig historia. Lite besviken \u00f6ver att endast tre fr\u00e5n Falk\u00f6pings MK st\u00e4ller upp och k\u00f6r. Vi skulle idag hinna k\u00f6ra sex varv inom tv\u00e5 timmar.<\/p>\n<p>P\u00e5 f\u00f6rsta varvet var jag \u00f6verraskad \u00f6ver hur mjuk sanden var och vi b\u00f6rjade varje varv med ett varv runt mx-gymnasiets tr\u00e4ningsbana, som best\u00e5r av mycket sand. Vid ett sp\u00e5rbyte s\u00e5 satte jag framhjulet lite v\u00e4l djupt i sanden och gick omkull. Men jag var snabbt uppe igen och k\u00f6rde b\u00e5de ikapp och f\u00f6rbi den jag startade efter.<br \/>\nF\u00f6rsta varvet gick p\u00e5: 9:55.3<\/p>\n<p>Andra varvet hade armpumpet i underarmarna smugit sig p\u00e5 och jag kunde inte riktigt h\u00e5lla den fart jag ville riktigt. Men jag lyckades \u00e4nd\u00e5 hitta en ganska h\u00f6gt och j\u00e4mnt tempo och stod p\u00e5 r\u00e4tt s\u00e5 bra genom sanden.<br \/>\nAndra varvet gick p\u00e5: 9:38.3<\/p>\n<p>P\u00e5 tredje varvet k\u00e4nde jag underarmarna blev \u00e4nnu stelare genom sanden. Hade f\u00f6r d\u00e5lig fart och sp\u00e4nde mig genom den mjuka sanden. Lite irriterad \u00f6ver att inte kunna k\u00f6ra fullt avslappnad var jag n\u00e4r jag kom in f\u00f6r lite vila.<br \/>\nTredje varvet k\u00f6rde jag p\u00e5: 9:44.0<\/p>\n<p>Fortsatt stelt i armarna p\u00e5 fj\u00e4rde varvet och v\u00e4rmen b\u00f6rjade k\u00e4nnas ocks\u00e5. Jag f\u00f6rs\u00f6kte \u00e4nd\u00e5 vila s\u00e5 mycket jag k\u00e4nde att jag hann mellan varven men fick \u00e4nd\u00e5 inget flyt i k\u00f6rningen riktigt.<br \/>\nFj\u00e4rde varvet k\u00f6rdes p\u00e5: 9:50.4<\/p>\n<p>Nu s\u00e5g jag att jag hade ganska gott om tid p\u00e5 mig att slutf\u00f6ra mina sista tv\u00e5 varv och vilade s\u00e5 l\u00e4nge jag kunde. Tog en banan och en liten energi-boost f\u00f6r att se om det kunde hj\u00e4lpa. Underarmarna b\u00f6rjade sl\u00e4ppa lite och jag kunde nu st\u00e5 p\u00e5 lite mer genom sanden igen. Det m\u00e4rktes snart p\u00e5 varvtiden ocks\u00e5.<br \/>\nFemte varvet k\u00f6rde jag p\u00e5: 9:28.0<\/p>\n<p>Inf\u00f6r sj\u00e4tte varvet kunde jag ta det lugnt och vila lite igen. Lite mer vatten och n\u00e5gra djupa andetag s\u00e5 sl\u00e4ngde jag mig iv\u00e4g igen. K\u00e4ndes fortsatt bra genom sanden och jag fick bra fart tycker jag. Nu b\u00f6rjade jag dock bli lite tr\u00f6tt s\u00e5 idag blev inte mitt sista varv det snabbaste som jag brukar lyckas med. Men n\u00e4stan.<br \/>\nSista varvet k\u00f6rde jag p\u00e5: 9:33.5<\/p>\n<p>B\u00e4st placerad falk\u00f6pings\u00e5kare p\u00e5 18:e plats av 43 startande i motionsklassen. \u00c4r inte helt n\u00f6jd men \u00e4nd\u00e5 r\u00e4tt ok placeringsm\u00e4ssigt. Hade ju \u00f6nskat sl\u00e5 min placering fr\u00e5n f\u00f6rsta delt\u00e4vlingen.<\/p>\n<p>Jag hade med mig GoPro-kameran idag och filmade varv 3, 4, 5 och 6.<br \/>\n<iframe loading=\"lazy\" width=\"865\" height=\"487\" src=\"https:\/\/www.youtube.com\/embed\/pjDS3U8o1Ag?feature=oembed\" frameborder=\"0\" allow=\"autoplay; encrypted-media\" allowfullscreen><\/iframe><\/p>\n","protected":false},"excerpt":{"rendered":"<p>Jag h\u00e4nger inte riktigt med sj\u00e4lv och uppdatera allt jag k\u00f6r, men nu ska jag f\u00f6rs\u00f6ka hinna ikapp. Sommarsv\u00e4ngen 2 har k\u00f6rts, f\u00f6r lite \u00f6ver en vecka sedan, i Tibro, vilket skulle visa sig bli en sandig historia. Lite besviken \u00f6ver att endast tre fr\u00e5n Falk\u00f6pings MK st\u00e4ller upp och k\u00f6r. Vi skulle idag hinna &hellip; <a href=\"https:\/\/rr.ahlin.org\/?p=935\" class=\"more-link\">Read more <span class=\"screen-reader-text\">Sommarsv\u00e4ngen 2, 2015-08-11<\/span><\/a><\/p>\n","protected":false},"author":1,"featured_media":0,"comment_status":"open","ping_status":"closed","sticky":false,"template":"","format":"standard","meta":{"footnotes":""},"categories":[19],"tags":[],"class_list":{"0":"post-935","1":"post","2":"type-post","3":"status-publish","4":"format-standard","6":"category-tavlingar"},"_links":{"self":[{"href":"https:\/\/rr.ahlin.org\/index.php?rest_route=\/wp\/v2\/posts\/935"}],"collection":[{"href":"https:\/\/rr.ahlin.org\/index.php?rest_route=\/wp\/v2\/posts"}],"about":[{"href":"https:\/\/rr.ahlin.org\/index.php?rest_route=\/wp\/v2\/types\/post"}],"author":[{"embeddable":true,"href":"https:\/\/rr.ahlin.org\/index.php?rest_route=\/wp\/v2\/users\/1"}],"replies":[{"embeddable":true,"href":"https:\/\/rr.ahlin.org\/index.php?rest_route=%2Fwp%2Fv2%2Fcomments&post=935"}],"version-history":[{"count":0,"href":"https:\/\/rr.ahlin.org\/index.php?rest_route=\/wp\/v2\/posts\/935\/revisions"}],"wp:attachment":[{"href":"https:\/\/rr.ahlin.org\/index.php?rest_route=%2Fwp%2Fv2%2Fmedia&parent=935"}],"wp:term":[{"taxonomy":"category","embeddable":true,"href":"https:\/\/rr.ahlin.org\/index.php?rest_route=%2Fwp%2Fv2%2Fcategories&post=935"},{"taxonomy":"post_tag","embeddable":true,"href":"https:\/\/rr.ahlin.org\/index.php?rest_route=%2Fwp%2Fv2%2Ftags&post=935"}],"curies":[{"name":"wp","href":"https:\/\/api.w.org\/{rel}","templated":true}]}}