{"id":937,"date":"2015-08-20T11:34:57","date_gmt":"2015-08-20T09:34:57","guid":{"rendered":"http:\/\/dreamx.blog.se\/?p=937"},"modified":"2015-08-20T11:34:57","modified_gmt":"2015-08-20T09:34:57","slug":"stombergs-vgc-motala-2015-08-15","status":"publish","type":"post","link":"https:\/\/rr.ahlin.org\/?p=937","title":{"rendered":"Stombergs VGC &#8211; Motala, 2015-08-15"},"content":{"rendered":"<p>Ytterligare\u00a0en delt\u00e4vling i Stombergs VGC har jag k\u00f6rt ocks\u00e5. Denna g\u00e5ng skulle vi ta oss \u00e4nda till Motala. En bana som jag vart och tjuvtr\u00e4nat lite p\u00e5 innan och jag viste att det var en rolig bana. F\u00f6r dagen k\u00f6rde jag med tr\u00e4ningsgrupp tv\u00e5 och gick ut p\u00e5 f\u00f6rsta tr\u00e4ningen omkring 09:30. Eftersom jag kunde banan s\u00e5 tog jag det v\u00e4ldigt lugnt. K\u00e4nde p\u00e5 lite olika alternativ i sv\u00e4ngar och provade att hoppa en dubbel som var strax innan sv\u00e4ng vilket var sv\u00e5rt att hinna bromsa till.<\/p>\n<p>N\u00e4r tidskvalet v\u00e4l var ig\u00e5ng s\u00e5 gasade jag p\u00e5 ordentligt och lyckades bli snabbast\u00a0i kompisg\u00e4nget jag h\u00e4nger med. Och hade 18:e snabbaste tid i tr\u00e4ningsgrupp 2\u00a0p\u00e5 tiden 02:23.897. Det som var v\u00e4ldigt kul var att jag var bara 2.8 sekunder fr\u00e5n att komma upp till kval om A eller B-final. Det b\u00f6rjar lukta en B-final i \u00e5r kanske? Tv\u00e5 t\u00e4vlingar kvar s\u00e5 f\u00e5r v\u00e4l se om jag lyckas.<\/p>\n<p>Det blev ju d\u00e5\u00a0som f\u00f6rv\u00e4ntat sedan k\u00f6rkval f\u00f6r final C eller D. D\u00e4r jag f\u00f6r dagen skulle k\u00f6ra k\u00f6rkval 1.<br \/>\nJag kom iv\u00e4g v\u00e4ldigt d\u00e5ligt ur grinden och var bland de sista in i f\u00f6rsta sv\u00e4ng. Lite d\u00e5ligt men jag b\u00f6rjade k\u00f6ra f\u00f6rbi lite andra f\u00f6rare. Eftersom inte alls visste vilken position jag hade gasade jag s\u00e5 mycket jag kunde hela tiden och var orolig \u00f6ver att inte komma till C-final. Men n\u00e4r resultatet v\u00e4l kom upp s\u00e5 var jag \u00e5ter igen snabbast i kompisg\u00e4nget och hade k\u00f6rt upp mig till en 9:e plats. Lite f\u00f6rv\u00e5nad \u00f6ver att jag \u00e4nd\u00e5 k\u00f6rt s\u00e5 pass bra. H\u00e4r kan du \u00e5ka med mig hela k\u00f6rkvalet om du vill:<br \/>\n<iframe loading=\"lazy\" width=\"865\" height=\"487\" src=\"https:\/\/www.youtube.com\/embed\/2dVsunRv-yI?feature=oembed\" frameborder=\"0\" allow=\"autoplay; encrypted-media\" allowfullscreen><\/iframe><\/p>\n<p>Finalen blev som vanligt inget bra i starten. Idag skulle jag i ing\u00e5ngen till f\u00f6rsta kurvan kroka ihop med en kille som blir liggandes p\u00e5 min hoj under sin hoj. S\u00e5 jag f\u00f6rs\u00f6kte snabbt hj\u00e4lpa honom med att f\u00f6rst resa upp hans hoj, s\u00e5 att jag sedan kunde resa upp min. S\u00e5 \u00e5ter igen fick jag b\u00f6rja jaga fr\u00e5n n\u00e4stan sist. Jag gasade som aldrig f\u00f6rr och k\u00f6rde i alla fall upp mig till en 19:e plats. Var v\u00e4ldigt irriterad \u00f6ver att inte f\u00e5 vara med fr\u00e5n b\u00f6rjan f\u00f6r att se hur bra jag skulle komma om jag bara var med i \u00f6vre h\u00e4lften av startf\u00e4ltet ur f\u00f6rsta sv\u00e4ngen.<br \/>\nH\u00e4r kommer i alla fall C-finalen fr\u00e5n min hj\u00e4lmkamera:<br \/>\n<iframe loading=\"lazy\" width=\"865\" height=\"487\" src=\"https:\/\/www.youtube.com\/embed\/KZnLpzdfP-w?feature=oembed\" frameborder=\"0\" allow=\"autoplay; encrypted-media\" allowfullscreen><\/iframe><\/p>\n<p>Nu \u00e4r det bara dagar kvar tills jag ska k\u00f6ra n\u00e4sta t\u00e4vling i Alings\u00e5s. Ska byta lite taktik i starten s\u00e5 f\u00e5r vi se om det g\u00e5r b\u00e4ttre d\u00e5.<\/p>\n","protected":false},"excerpt":{"rendered":"<p>Ytterligare\u00a0en delt\u00e4vling i Stombergs VGC har jag k\u00f6rt ocks\u00e5. Denna g\u00e5ng skulle vi ta oss \u00e4nda till Motala. En bana som jag vart och tjuvtr\u00e4nat lite p\u00e5 innan och jag viste att det var en rolig bana. F\u00f6r dagen k\u00f6rde jag med tr\u00e4ningsgrupp tv\u00e5 och gick ut p\u00e5 f\u00f6rsta tr\u00e4ningen omkring 09:30. Eftersom jag kunde &hellip; <a href=\"https:\/\/rr.ahlin.org\/?p=937\" class=\"more-link\">Read more <span class=\"screen-reader-text\">Stombergs VGC &#8211; Motala, 2015-08-15<\/span><\/a><\/p>\n","protected":false},"author":1,"featured_media":0,"comment_status":"open","ping_status":"closed","sticky":false,"template":"","format":"standard","meta":{"footnotes":""},"categories":[19],"tags":[],"class_list":{"0":"post-937","1":"post","2":"type-post","3":"status-publish","4":"format-standard","6":"category-tavlingar"},"_links":{"self":[{"href":"https:\/\/rr.ahlin.org\/index.php?rest_route=\/wp\/v2\/posts\/937"}],"collection":[{"href":"https:\/\/rr.ahlin.org\/index.php?rest_route=\/wp\/v2\/posts"}],"about":[{"href":"https:\/\/rr.ahlin.org\/index.php?rest_route=\/wp\/v2\/types\/post"}],"author":[{"embeddable":true,"href":"https:\/\/rr.ahlin.org\/index.php?rest_route=\/wp\/v2\/users\/1"}],"replies":[{"embeddable":true,"href":"https:\/\/rr.ahlin.org\/index.php?rest_route=%2Fwp%2Fv2%2Fcomments&post=937"}],"version-history":[{"count":0,"href":"https:\/\/rr.ahlin.org\/index.php?rest_route=\/wp\/v2\/posts\/937\/revisions"}],"wp:attachment":[{"href":"https:\/\/rr.ahlin.org\/index.php?rest_route=%2Fwp%2Fv2%2Fmedia&parent=937"}],"wp:term":[{"taxonomy":"category","embeddable":true,"href":"https:\/\/rr.ahlin.org\/index.php?rest_route=%2Fwp%2Fv2%2Fcategories&post=937"},{"taxonomy":"post_tag","embeddable":true,"href":"https:\/\/rr.ahlin.org\/index.php?rest_route=%2Fwp%2Fv2%2Ftags&post=937"}],"curies":[{"name":"wp","href":"https:\/\/api.w.org\/{rel}","templated":true}]}}