{"id":957,"date":"2016-02-01T19:16:39","date_gmt":"2016-02-01T18:16:39","guid":{"rendered":"http:\/\/dreamx.blog.se\/?p=957"},"modified":"2016-02-01T19:16:39","modified_gmt":"2016-02-01T18:16:39","slug":"nytt-ar-nytt-liv-och-nya-mojligheter","status":"publish","type":"post","link":"https:\/\/rr.ahlin.org\/?p=957","title":{"rendered":"Nytt \u00c5r, Nytt Liv och nya m\u00f6jligheter."},"content":{"rendered":"<p>Ja f\u00f6r de som aktivt f\u00f6ljt min blogg kanske har saknat mina uppdateringar. Det finns en m\u00e4ngd orsaker men framf\u00f6rallt \u00e4r det v\u00e4l f\u00f6r att f\u00f6r mycket har h\u00e4nt.<br \/>\nF\u00f6r att b\u00f6rja fr\u00e5n b\u00f6rjan och ber\u00e4tta f\u00f6r er om vad som h\u00e4nt mig personligen d\u00e5. Det b\u00f6rjade det redan f\u00f6r ungef\u00e4r ett \u00e5r sedan d\u00e5 jag best\u00e4mde f\u00f6r att skilja mig fr\u00e5n frun och g\u00e5 vidare i livet. Vi bodde \u00e4nd\u00e5 under samma tak medan jag s\u00f6kte ny bostad och hoppades f\u00e5 hyra ett hus. Men det verkade g\u00e5 tr\u00f6gt s\u00e5 jag valde att under sommaren 2015 flytta hem till mina f\u00f6r\u00e4ldrar. Jag letade l\u00e4genhet och hittade d\u00e5 en i slutet av sommaren och skulle f\u00e5 tilltr\u00e4da denna den 1\/11. Under sensommaren b\u00f6rjade jag dejta och st\u00f6tte p\u00e5 en trevlig flicka i b\u00f6rjan av oktober. F\u00f6rste november flyttade jag in i l\u00e4genheten. En tv\u00e5a med billig hyra. Jag har fixat garage till hojen och sett till att den st\u00e5r varmt och s\u00e4kert. Jag vill inte g\u00e5 in f\u00f6r mycket p\u00e5 det privata men just nu k\u00e4nns det bra. Dejten har blivit flickv\u00e4n och l\u00e4genheten \u00e4r snart helt i ordning s\u00e5 jag har b\u00f6rjat komma i fas med det mesta.<\/p>\n<p>Vad har h\u00e4nt med k\u00f6rningen d\u00e5?<br \/>\nJa, sedan jag gjorde uppdatering sist s\u00e5 har jag p\u00e5 hemmaplan k\u00f6rt FGN. Allts\u00e5 Falk\u00f6ping Grand National, som \u00e4r som ett genrep till Gotland Grand National. Jag k\u00f6rde bra och det gick bra. Minns inte mer \u00e4n s\u00e5 nu tyv\u00e4rr. Tv\u00e5 veckor senare 24\/10 var det dags f\u00f6r mig att g\u00f6ra premi\u00e4r p\u00e5 Gotland och GGN. Otroligt torrt och massa folk. Jag tyckte det gick bra, trots tre vurpor och lite skrubbs\u00e5r. Sedan har det tyv\u00e4rr vart v\u00e4ldigt d\u00e5ligt med tr\u00e4ning under h\u00f6sten. Endast tv\u00e5 tillf\u00e4llen tror jag. Sedan k\u00f6rde jag och en kompis Ny\u00e5rsstafetten i Ulricehamn p\u00e5 ganska rolig bana. Tyv\u00e4rr \u00e4r det sv\u00e5rt att k\u00f6ra i en enda klass d\u00e4r motion\u00e4rer och elit blandas. Det gick \u00e4nd\u00e5 r\u00e4tt s\u00e5 hyfsat och vi slutade p\u00e5 en mittenplacering ungef\u00e4r. Sedan var premi\u00e4ren av Vintercupen i Falk\u00f6ping den 6:e Januari och d\u00e4r k\u00f6rde jag riktigt bra. Slutade 17:e i min klass. Sedan har det hunnit vara en delt\u00e4vling i T\u00f6reboda och en i Tidaholm. I T\u00f6reboda var det riktigt sv\u00e5rk\u00f6rt i sn\u00f6n och jag k\u00f6rde riktigt d\u00e5ligt. I Tidaholm hade b\u00e5de sn\u00f6 och tj\u00e4le sm\u00e4lt bort s\u00e5 det var lilla Novemberk\u00e5san. Riktigt lerigt och sp\u00e5rigt. Jag lyckades \u00e4ven att bli v\u00e4ldigt f\u00f6rkyld bara dagarna innan s\u00e5 jag hade inte alls ork att k\u00f6ra. P\u00e5 sista varvet var jag s\u00e5 tr\u00f6tt s\u00e5 jag h\u00f6ll p\u00e5 att ge upp. K\u00f6rningen funkade r\u00e4tt s\u00e5 bra \u00e4nd\u00e5.<\/p>\n<p>Nu p\u00e5 s\u00f6ndag \u00e4r det dags f\u00f6r n\u00e4sta t\u00e4vling i Karlsborg. Sp\u00e5ret ser r\u00e4tt s\u00e5 bra ut. Hoppas v\u00e4dret \u00e4r med oss alla nu bara s\u00e5 sp\u00e5ret h\u00e5ller.<\/p>\n","protected":false},"excerpt":{"rendered":"<p>Ja f\u00f6r de som aktivt f\u00f6ljt min blogg kanske har saknat mina uppdateringar. Det finns en m\u00e4ngd orsaker men framf\u00f6rallt \u00e4r det v\u00e4l f\u00f6r att f\u00f6r mycket har h\u00e4nt. F\u00f6r att b\u00f6rja fr\u00e5n b\u00f6rjan och ber\u00e4tta f\u00f6r er om vad som h\u00e4nt mig personligen d\u00e5. Det b\u00f6rjade det redan f\u00f6r ungef\u00e4r ett \u00e5r sedan d\u00e5 &hellip; <a href=\"https:\/\/rr.ahlin.org\/?p=957\" class=\"more-link\">Read more <span class=\"screen-reader-text\">Nytt \u00c5r, Nytt Liv och nya m\u00f6jligheter.<\/span><\/a><\/p>\n","protected":false},"author":1,"featured_media":0,"comment_status":"open","ping_status":"closed","sticky":false,"template":"","format":"standard","meta":{"footnotes":""},"categories":[16],"tags":[],"class_list":{"0":"post-957","1":"post","2":"type-post","3":"status-publish","4":"format-standard","6":"category-okategoriserade"},"_links":{"self":[{"href":"https:\/\/rr.ahlin.org\/index.php?rest_route=\/wp\/v2\/posts\/957"}],"collection":[{"href":"https:\/\/rr.ahlin.org\/index.php?rest_route=\/wp\/v2\/posts"}],"about":[{"href":"https:\/\/rr.ahlin.org\/index.php?rest_route=\/wp\/v2\/types\/post"}],"author":[{"embeddable":true,"href":"https:\/\/rr.ahlin.org\/index.php?rest_route=\/wp\/v2\/users\/1"}],"replies":[{"embeddable":true,"href":"https:\/\/rr.ahlin.org\/index.php?rest_route=%2Fwp%2Fv2%2Fcomments&post=957"}],"version-history":[{"count":0,"href":"https:\/\/rr.ahlin.org\/index.php?rest_route=\/wp\/v2\/posts\/957\/revisions"}],"wp:attachment":[{"href":"https:\/\/rr.ahlin.org\/index.php?rest_route=%2Fwp%2Fv2%2Fmedia&parent=957"}],"wp:term":[{"taxonomy":"category","embeddable":true,"href":"https:\/\/rr.ahlin.org\/index.php?rest_route=%2Fwp%2Fv2%2Fcategories&post=957"},{"taxonomy":"post_tag","embeddable":true,"href":"https:\/\/rr.ahlin.org\/index.php?rest_route=%2Fwp%2Fv2%2Ftags&post=957"}],"curies":[{"name":"wp","href":"https:\/\/api.w.org\/{rel}","templated":true}]}}