{"id":975,"date":"2016-03-09T08:18:42","date_gmt":"2016-03-09T07:18:42","guid":{"rendered":"http:\/\/dreamx.blog.se\/?p=975"},"modified":"2016-03-09T08:18:42","modified_gmt":"2016-03-09T07:18:42","slug":"vintercupen-deltavling-6-skovde-2016-03-05","status":"publish","type":"post","link":"https:\/\/rr.ahlin.org\/?p=975","title":{"rendered":"Vintercupen delt\u00e4vling 6, Sk\u00f6vde 2016-03-05"},"content":{"rendered":"<p>D\u00e5 \u00e4r det v\u00e4l h\u00f6g tid att jag plitar ner n\u00e5gra ord om hur det gick i Vintercupens sista delt\u00e4vling. Den k\u00f6rdes i Sk\u00f6vde p\u00e5 Kr\u00e5keberget. Start och m\u00e5l vid den gamla speedwaybanan i Kyrketorp.<\/p>\n<p>I videon som gav en liten f\u00f6rhandsvisning av sp\u00e5ret s\u00e5g det v\u00e4ldigt lovande ut. De p\u00e5pekade att viss omdragning kan ske. Det gjorde det ocks\u00e5. Jag k\u00e4nde inte igen n\u00e5gonting fr\u00e5n videon n\u00e4r jag v\u00e4l k\u00f6rde. Jag var p\u00e5 plats i god tid vilket gjorde att jag hade lite tid att springa runt och titta lite p\u00e5 sp\u00e5ret. Jag tyckte att det s\u00e5g bra ut.<\/p>\n<p>Dags f\u00f6r f\u00f6rsta varvet och jag kom ganska snabbt in i ett bra tempo med g\u00f6tt flyt. N\u00e5gra omk\u00f6rningar gjorde jag. Jag tyckte att trots att sp\u00e5ret vad v\u00e4ldigt oj\u00e4mnt och sm\u00e5stalpigt gick det bra. Fram till slutet av varvet. Vid en liten uppf\u00f6rsbacke lyckades jag p\u00e5 n\u00e5got s\u00e4tt komma \u00e5t v\u00e4xelf\u00f6raren och petade i fril\u00e4ge vilket gjorde att jag blev st\u00e5ende mitt i backen. F\u00f6rs\u00f6kte ta mig runt f\u00f6r att b\u00f6rja om men ramlade s\u00e5klart. Fick upp hojen och k\u00f6rde ner en sv\u00e4ng f\u00f6r att b\u00f6rja om. Med lite f\u00f6r d\u00e5lig fart s\u00e5 kom jag inte upp denna g\u00e5ng heller. Fick inte f\u00e4ste f\u00f6r att driva vidare. Frustrationen \u00f6vergick till ilska och jag sl\u00e4ngde ur mig en svordom. Jag lade mig mitt i backen igen och n\u00e4r jag v\u00e4l f\u00e5tt upp hojen och kommit ner var jag helt slut. Jag var tvungen att ta igen mig lite. Tappade 1,5 minut f\u00f6r allt detta strulet. N\u00e4r jag hade tagit mig till dep\u00e5n efter f\u00f6rsta varvet var armarna helt slut efter allt kr\u00e5ngel i backen.<\/p>\n<p>Ut p\u00e5 varv tv\u00e5 och f\u00f6rs\u00f6kte nu bara k\u00f6ra avslappnat utan att g\u00f6r misstag. Det sket sig det ocks\u00e5. I en stenig uppf\u00f6rsbacke fick jag ett kast, hamnade ur sp\u00e5r och rakt mot en stubbe. Hade tur och fick \u00e4nd\u00e5 \u00f6ver framhjulet s\u00e5 jag hoppade p\u00e5 stubben men rakt ut i ett djupare stridsvagnssp\u00e5r. Fick motorstopp och blev st\u00e5ende p\u00e5 tv\u00e4ren. Lite kr\u00e5ngel med att komma d\u00e4rifr\u00e5n och sedan gick varvet ganska l\u00e5ngsamt men \u00e4nd\u00e5 ganska bra.<\/p>\n<p>Varv tre b\u00f6rjade jag hitta flytet igen och k\u00e4nde att det gick bra. Armarna b\u00f6rjade slappna av igen och jag fick tillbaka lite fart. Hela varvet gick bra. Nu b\u00f6rjade dock sp\u00e5ret att bli lite uppk\u00f6rt p\u00e5 sina st\u00e4llen s\u00e5 p\u00e5 n\u00e5gra st\u00e4llen fick man passa sig.<\/p>\n<p>Fj\u00e4rde varvet gick faktiskt riktigt bra. Nu var det t.o.m. s\u00e5 att det var roligt igen. K\u00f6rde s\u00e5 fort jag kunde och k\u00e4nde mig n\u00f6jd efter det varvet.<\/p>\n<p>Jag slutade 52:a i min klass. Det resultatet var jag verkligen inte n\u00f6jd med. Men som tur \u00e4r s\u00e5 f\u00e5r man r\u00e4kna bort sin s\u00e4msta delt\u00e4vling i den totala sammanst\u00e4llningen och \u00e4r lite glad \u00f6ver att jag egentligen bara gjort ett enda riktigt d\u00e5ligt varv p\u00e5 hela Vintercupen. I den totala sammanst\u00e4llningen slutade jag p\u00e5 29:e plats utav de 171 som har kommit till start under vintercupen s\u00e5 jag \u00e4r faktiskt n\u00f6jd \u00f6ver min prestation i vinter. Nu ser jag fram emot motocross-s\u00e4songen och hoppas att sn\u00f6n f\u00f6rsvinner snart s\u00e5 att motocrossbanorna \u00f6ppnar f\u00f6r tr\u00e4ning.<\/p>\n<p>H\u00e4r kommer en video fr\u00e5n f\u00f6rsta varvet i Sk\u00f6vde:<br \/>\n<iframe loading=\"lazy\" width=\"865\" height=\"487\" src=\"https:\/\/www.youtube.com\/embed\/-e7z1_C8MxA?feature=oembed\" frameborder=\"0\" allow=\"autoplay; encrypted-media\" allowfullscreen><\/iframe><\/p>\n","protected":false},"excerpt":{"rendered":"<p>D\u00e5 \u00e4r det v\u00e4l h\u00f6g tid att jag plitar ner n\u00e5gra ord om hur det gick i Vintercupens sista delt\u00e4vling. Den k\u00f6rdes i Sk\u00f6vde p\u00e5 Kr\u00e5keberget. Start och m\u00e5l vid den gamla speedwaybanan i Kyrketorp. I videon som gav en liten f\u00f6rhandsvisning av sp\u00e5ret s\u00e5g det v\u00e4ldigt lovande ut. De p\u00e5pekade att viss omdragning kan &hellip; <a href=\"https:\/\/rr.ahlin.org\/?p=975\" class=\"more-link\">Read more <span class=\"screen-reader-text\">Vintercupen delt\u00e4vling 6, Sk\u00f6vde 2016-03-05<\/span><\/a><\/p>\n","protected":false},"author":1,"featured_media":0,"comment_status":"open","ping_status":"closed","sticky":false,"template":"","format":"standard","meta":{"footnotes":""},"categories":[19],"tags":[],"class_list":{"0":"post-975","1":"post","2":"type-post","3":"status-publish","4":"format-standard","6":"category-tavlingar"},"_links":{"self":[{"href":"https:\/\/rr.ahlin.org\/index.php?rest_route=\/wp\/v2\/posts\/975"}],"collection":[{"href":"https:\/\/rr.ahlin.org\/index.php?rest_route=\/wp\/v2\/posts"}],"about":[{"href":"https:\/\/rr.ahlin.org\/index.php?rest_route=\/wp\/v2\/types\/post"}],"author":[{"embeddable":true,"href":"https:\/\/rr.ahlin.org\/index.php?rest_route=\/wp\/v2\/users\/1"}],"replies":[{"embeddable":true,"href":"https:\/\/rr.ahlin.org\/index.php?rest_route=%2Fwp%2Fv2%2Fcomments&post=975"}],"version-history":[{"count":0,"href":"https:\/\/rr.ahlin.org\/index.php?rest_route=\/wp\/v2\/posts\/975\/revisions"}],"wp:attachment":[{"href":"https:\/\/rr.ahlin.org\/index.php?rest_route=%2Fwp%2Fv2%2Fmedia&parent=975"}],"wp:term":[{"taxonomy":"category","embeddable":true,"href":"https:\/\/rr.ahlin.org\/index.php?rest_route=%2Fwp%2Fv2%2Fcategories&post=975"},{"taxonomy":"post_tag","embeddable":true,"href":"https:\/\/rr.ahlin.org\/index.php?rest_route=%2Fwp%2Fv2%2Ftags&post=975"}],"curies":[{"name":"wp","href":"https:\/\/api.w.org\/{rel}","templated":true}]}}