{"id":980,"date":"2016-03-14T10:30:36","date_gmt":"2016-03-14T09:30:36","guid":{"rendered":"http:\/\/dreamx.blog.se\/?p=980"},"modified":"2016-03-14T10:30:36","modified_gmt":"2016-03-14T09:30:36","slug":"ingen-12-timmars-i-skovde-i-ar","status":"publish","type":"post","link":"https:\/\/rr.ahlin.org\/?p=980","title":{"rendered":"Ingen 12-timmars i Sk\u00f6vde i \u00e5r."},"content":{"rendered":"<p>Sk\u00f6vde MCK har kommit med det tr\u00e5kiga beskedet att det inte blir n\u00e5gon 12-timmars i \u00e5r.<\/p>\n<p>P\u00e5 sin hemsida skriver de:\u00a0<a href=\"http:\/\/www4.idrottonline.se\/FMCKSkovde-Motorcykel\/\" target=\"_blank\">http:\/\/www4.idrottonline.se\/FMCKSkovde-Motorcykel\/<\/a><\/p>\n<p><span style=\"color: #5c6078\">&#8221;Hej ,<br \/>\nVi f\u00e5r tyv\u00e4rr meddela att \u00e5rets 12-timmars \u00e4r inst\u00e4llt pga milit\u00e4r-\u00f6vning<\/span><\/p>\n<p><span style=\"color: #5c6078\">N\u00e4r vi s\u00f6kte detta datum s\u00e5 var allt\u00a0 ok\u00a0\u00a0 men sedan uppdagades att det \u00e4r en stor hemv\u00e4rns\u00f6vning som \u00e4r inbokad denna helg . Vi har tittat p\u00e5 alternativa l\u00f6sningar men det har ej g\u00e5tt att knyta ihop s\u00e4cken denna g\u00e5ng .<\/span><\/p>\n<p><span style=\"color: #808080\"><span style=\"color: #5c6078\">Vi siktar naturligtvis att \u00e5terkomma n\u00e4sta \u00e5r igen\u00a0 i nul\u00e4get s\u00e5 laddar vi f\u00f6r v\u00e5rat f\u00f6rsta SM o USM till h\u00f6sten .&#8221;<\/span><\/p>\n<p><span style=\"color: #000000\"><span style=\"color: #808080\">Men ist\u00e4llet s\u00e5 k\u00f6r Tidaholm Labb\u00e5sstafetten som det f\u00f6rst hade t\u00e4nkt att st\u00e4lla in. Nu k\u00f6r de den helgen ist\u00e4llet. Bra att det kommer upp alternativ:<\/span><br \/>\n<a href=\"http:\/\/www2.idrottonline.se\/TidaholmsMK-Motorcykel\/Nyheter\/MC-nyheter\/Labbasstafetten2016\/\" target=\"_blank\">http:\/\/www2.idrottonline.se\/TidaholmsMK-Motorcykel\/Nyheter\/MC-nyheter\/Labbasstafetten2016\/<\/a><\/span><\/p>\n<p><\/span><\/p>\n","protected":false},"excerpt":{"rendered":"<p>Sk\u00f6vde MCK har kommit med det tr\u00e5kiga beskedet att det inte blir n\u00e5gon 12-timmars i \u00e5r. P\u00e5 sin hemsida skriver de:\u00a0http:\/\/www4.idrottonline.se\/FMCKSkovde-Motorcykel\/ &#8221;Hej , Vi f\u00e5r tyv\u00e4rr meddela att \u00e5rets 12-timmars \u00e4r inst\u00e4llt pga milit\u00e4r-\u00f6vning N\u00e4r vi s\u00f6kte detta datum s\u00e5 var allt\u00a0 ok\u00a0\u00a0 men sedan uppdagades att det \u00e4r en stor hemv\u00e4rns\u00f6vning som \u00e4r inbokad &hellip; <a href=\"https:\/\/rr.ahlin.org\/?p=980\" class=\"more-link\">Read more <span class=\"screen-reader-text\">Ingen 12-timmars i Sk\u00f6vde i \u00e5r.<\/span><\/a><\/p>\n","protected":false},"author":1,"featured_media":0,"comment_status":"open","ping_status":"closed","sticky":false,"template":"","format":"standard","meta":{"footnotes":""},"categories":[16],"tags":[],"class_list":{"0":"post-980","1":"post","2":"type-post","3":"status-publish","4":"format-standard","6":"category-okategoriserade"},"_links":{"self":[{"href":"https:\/\/rr.ahlin.org\/index.php?rest_route=\/wp\/v2\/posts\/980"}],"collection":[{"href":"https:\/\/rr.ahlin.org\/index.php?rest_route=\/wp\/v2\/posts"}],"about":[{"href":"https:\/\/rr.ahlin.org\/index.php?rest_route=\/wp\/v2\/types\/post"}],"author":[{"embeddable":true,"href":"https:\/\/rr.ahlin.org\/index.php?rest_route=\/wp\/v2\/users\/1"}],"replies":[{"embeddable":true,"href":"https:\/\/rr.ahlin.org\/index.php?rest_route=%2Fwp%2Fv2%2Fcomments&post=980"}],"version-history":[{"count":0,"href":"https:\/\/rr.ahlin.org\/index.php?rest_route=\/wp\/v2\/posts\/980\/revisions"}],"wp:attachment":[{"href":"https:\/\/rr.ahlin.org\/index.php?rest_route=%2Fwp%2Fv2%2Fmedia&parent=980"}],"wp:term":[{"taxonomy":"category","embeddable":true,"href":"https:\/\/rr.ahlin.org\/index.php?rest_route=%2Fwp%2Fv2%2Fcategories&post=980"},{"taxonomy":"post_tag","embeddable":true,"href":"https:\/\/rr.ahlin.org\/index.php?rest_route=%2Fwp%2Fv2%2Ftags&post=980"}],"curies":[{"name":"wp","href":"https:\/\/api.w.org\/{rel}","templated":true}]}}